{"id":74784,"date":"2023-01-14T12:51:05","date_gmt":"2023-01-14T15:51:05","guid":{"rendered":"https:\/\/www.centraldenoticias.com.ar\/?p=74784"},"modified":"2023-01-14T13:04:47","modified_gmt":"2023-01-14T16:04:47","slug":"envion-2-llegara-al-centro-cultural-municipal-con-una-muestra","status":"publish","type":"post","link":"https:\/\/cdnoticias.com\/index.php\/2023\/01\/14\/envion-2-llegara-al-centro-cultural-municipal-con-una-muestra\/","title":{"rendered":"Envi\u00f3n 2 llegar\u00e1 al Centro Cultural Municipal con una muestra"},"content":{"rendered":"<p>Las obras de los chicos y chicas que integran el programa se exhibir\u00e1n bajo el nombre \u201cDespertar, imaginar, crecer\u201d. La inauguraci\u00f3n se har\u00e1 el mi\u00e9rcoles 18 de enero.<!--more--><\/p>\n<hr \/>\n<p><strong>El pr\u00f3ximo mi\u00e9rcoles 18 de enero a partir de las 20 horas quedar\u00e1 inaugurada la muestra \u201cDespertar, imaginar, crecer\u201d<\/strong> en el Centro Cultural Municipal San Jos\u00e9.<\/p>\n<p>&nbsp;<\/p>\n<p>Est\u00e1 integrada por <strong>obras realizadas por chicos y chicas que integran el Programa Envi\u00f3n 2<\/strong> de la Direcci\u00f3n de Ni\u00f1eces y Adolescencias de la Municipalidad de Olavarr\u00eda.<\/p>\n<p>&nbsp;<\/p>\n<p>La propuesta <strong>se ofrecer\u00e1 en Centro Cultural Municipal San Jos\u00e9 hasta el pr\u00f3ximo domingo 22 de enero<\/strong>. Se trata de una muestra art\u00edstica como resultado de todo el a\u00f1o de trabajo junto a sus referentes, con base en las <strong>tem\u00e1ticas de ESI y violencia de g\u00e9nero, y cuenta con obras de fotograf\u00eda, pintura y t\u00e9cnicas mixtas<\/strong>.<\/p>\n<p>&nbsp;<\/p>\n<p>Al respecto,<strong> el Secretario de Desarrollo Humano y Calidad de Vida Diego Robbiani<\/strong> remarc\u00f3 la importancia de generar estos espacios donde los chicos y chicas que concurren a los programas municipales puedan mostrar el trabajo realizado durante el a\u00f1o: \u201cesto forma parte de una de las numerosas propuestas que generamos, que avanzan en lo deportivo como en lo cultural para los chicos y chicas de los programas. Tanto para nosotros como para ellos <strong>es muy valioso que puedan mostrarle a la comunidad lo que realizan durante el a\u00f1o<\/strong> y que la gente, a su vez, conozca la gran tarea que desarrollan los equipos que los acompa\u00f1an en cada proceso\u201d.<\/p>\n<p>&nbsp;<\/p>\n<figure id=\"attachment_31970\" aria-describedby=\"caption-attachment-31970\" style=\"width: 800px\" class=\"wp-caption aligncenter\"><img data-recalc-dims=\"1\" loading=\"lazy\" decoding=\"async\" class=\"wp-image-31970 size-large\" src=\"https:\/\/i0.wp.com\/cdnoticias.com\/wp-content\/uploads\/2021\/09\/Robbiani07.jpg?resize=800%2C534&#038;ssl=1\" alt=\"\" width=\"800\" height=\"534\" srcset=\"https:\/\/i0.wp.com\/cdnoticias.com\/wp-content\/uploads\/2021\/09\/Robbiani07.jpg?resize=1024%2C683&amp;ssl=1 1024w, https:\/\/i0.wp.com\/cdnoticias.com\/wp-content\/uploads\/2021\/09\/Robbiani07.jpg?resize=300%2C200&amp;ssl=1 300w, https:\/\/i0.wp.com\/cdnoticias.com\/wp-content\/uploads\/2021\/09\/Robbiani07.jpg?resize=768%2C512&amp;ssl=1 768w, https:\/\/i0.wp.com\/cdnoticias.com\/wp-content\/uploads\/2021\/09\/Robbiani07.jpg?resize=272%2C182&amp;ssl=1 272w, https:\/\/i0.wp.com\/cdnoticias.com\/wp-content\/uploads\/2021\/09\/Robbiani07.jpg?w=1600&amp;ssl=1 1600w, https:\/\/i0.wp.com\/cdnoticias.com\/wp-content\/uploads\/2021\/09\/Robbiani07.jpg?w=2400&amp;ssl=1 2400w\" sizes=\"auto, (max-width: 800px) 100vw, 800px\" \/><figcaption id=\"caption-attachment-31970\" class=\"wp-caption-text\">Diego Robbiani, Secretario de Desarrollo Humano y Calidad de Vida.<\/figcaption><\/figure>\n<p>&nbsp;<\/p>\n<p>\u201cEste tipo de actividades permiten <strong>visibilizar un trabajo diario que muchas veces se desconoce<\/strong> y del que estamos sumamente orgullosos\u201d resalt\u00f3 Diego Robbiani.<\/p>\n<p>&nbsp;<\/p>\n<p>El <strong>Programa de Responsabilidad Compartida Envi\u00f3n<\/strong>, tiene como objetivo la inclusi\u00f3n, contenci\u00f3n y acompa\u00f1amiento de j\u00f3venes y adolescentes entre 12 y 21 a\u00f1os, buscando generar espacios de participaci\u00f3n en diferentes instancias de formaci\u00f3n y fortaleciendo actitudes y aptitudes.<\/p>\n<p>&nbsp;<\/p>\n<p><span style=\"text-decoration: underline;\"><strong>Sobre la muestra<\/strong><\/span><\/p>\n<p>&nbsp;<\/p>\n<blockquote><p>Seg\u00fan indicaron de Envi\u00f3n, \u201cel resultado es obra de un proceso de aprendizaje emprendido en los diferentes espacios institucionales y talleres que los chicos y chicas desarrollan, en los que se abordan diferentes tem\u00e1ticas, entre las que se destacan la Ley de Educaci\u00f3n Sexual Integral, y la violencia de g\u00e9nero, que hemos trabajado de manera articulada con otras \u00e1reas municipales, como la Direcci\u00f3n de Pol\u00edticas de G\u00e9nero\u201d.<\/p><\/blockquote>\n<p>&nbsp;<\/p>\n<p>La <strong>coordinadora del espacio, Virginia Bascones<\/strong>, destac\u00f3 el incentivo de \u201ctener la misma posibilidad de exponer como cualquier persona sin ser artistas\u201d.<\/p>\n<p>&nbsp;<\/p>\n<p><img data-recalc-dims=\"1\" loading=\"lazy\" decoding=\"async\" class=\"size-full wp-image-74785 aligncenter\" src=\"https:\/\/i0.wp.com\/cdnoticias.com\/wp-content\/uploads\/2023\/01\/muestra-envion-00.jpg?resize=450%2C730&#038;ssl=1\" alt=\"\" width=\"450\" height=\"730\" srcset=\"https:\/\/i0.wp.com\/cdnoticias.com\/wp-content\/uploads\/2023\/01\/muestra-envion-00.jpg?w=450&amp;ssl=1 450w, https:\/\/i0.wp.com\/cdnoticias.com\/wp-content\/uploads\/2023\/01\/muestra-envion-00.jpg?resize=185%2C300&amp;ssl=1 185w\" sizes=\"auto, (max-width: 450px) 100vw, 450px\" \/><\/p>\n<p>&nbsp;<\/p>\n<p>Con respecto al <strong>nacimiento de la iniciativa<\/strong>, la referente indic\u00f3 que \u201cen uno de nuestros talleres, una de las chicas pregunt\u00f3 d\u00f3nde se puede conseguir un pa\u00f1uelo violeta, y all\u00ed surgi\u00f3 todo\u201d, relat\u00f3.\u00a0A partir de ese momento, <strong>articularon con la Direcci\u00f3n de Pol\u00edticas de G\u00e9nero<\/strong> y generaron un trabajo interno que incluy\u00f3 jornadas de capacitaci\u00f3n con el equipo de trabajo y talleres participativos con los chicos y chicas del Programa.<\/p>\n<p>&nbsp;<\/p>\n<p>En este trayecto, tambi\u00e9n<strong> visitaron la muestra \u201cMiradas\u201d en el mismo Centro Cultural San Jos\u00e9<\/strong>, <a href=\"https:\/\/cdnoticias.com\/index.php\/2022\/03\/12\/ante-un-importante-marco-de-publico-se-inauguro-la-muestra-miradas-5\/\" target=\"_blank\" rel=\"noopener\">donde se expusieron obras de 5 artistas femeninas de nuestra ciudad<\/a>. \u201cEsta visita nos inspir\u00f3 a orientar los talleres de pintura y arte hacia un objetivo: dar a conocer nuestras obras como lo hicieron las artistas locales, trabajando en que estos espacios son para todos y todas\u201d, se\u00f1alaron.<\/p>\n<p>&nbsp;<\/p>\n<p>El proceso incluy\u00f3 la <strong>grabaci\u00f3n de un rap feminista<\/strong> por parte de los varones de Envi\u00f3n, e instancias reflexivas sobre las tem\u00e1ticas de g\u00e9nero de cara a la conmemoraci\u00f3n del Ni Una Menos, que se recuerda cada 3 de junio.<\/p>\n<p>&nbsp;<\/p>\n<p>Por su parte, la <strong>referente de Ni\u00f1eces y Adolescencias, Mariana Sabbatini<\/strong>, destac\u00f3 oportunidad \u201cde que los chicos y chicas puedan venir al Centro Cultural, y compartan una jornada especial en un contexto diferente al que transitan cotidianamente junto a sus familias\u201d. Adem\u00e1s agradeci\u00f3 al equipo del Centro Cultural por su compromiso y colaboraci\u00f3n para el armado y puesta de la muestra.<\/p>\n<p>&nbsp;<\/p>\n<p><img data-recalc-dims=\"1\" loading=\"lazy\" decoding=\"async\" class=\"size-full wp-image-74786 aligncenter\" src=\"https:\/\/i0.wp.com\/cdnoticias.com\/wp-content\/uploads\/2023\/01\/muestra-envion-01.jpg?resize=450%2C716&#038;ssl=1\" alt=\"\" width=\"450\" height=\"716\" srcset=\"https:\/\/i0.wp.com\/cdnoticias.com\/wp-content\/uploads\/2023\/01\/muestra-envion-01.jpg?w=450&amp;ssl=1 450w, https:\/\/i0.wp.com\/cdnoticias.com\/wp-content\/uploads\/2023\/01\/muestra-envion-01.jpg?resize=189%2C300&amp;ssl=1 189w\" sizes=\"auto, (max-width: 450px) 100vw, 450px\" \/><\/p>\n<p>&nbsp;<\/p>\n<p>La <strong>directora de Gesti\u00f3n Cultural Agustina Marino<\/strong> subray\u00f3 la posibilidad de \u201cabrir el juego a <strong>que la gente se sienta integrada a este espacio<\/strong>, a \u00e1mbitos que no s\u00f3lo tienen que ver con lo art\u00edstico, sino tambi\u00e9n con lo social\u201d.<\/p>\n<p>&nbsp;<\/p>\n<p>\u201cDespertar, Imaginar, Crecer\u201d se exhibir\u00e1 en el Centro Cultural San Jos\u00e9 hasta el domingo 22 de enero. Se invit\u00f3 a la comunidad en general y a las familias de los chicos y chicas que expondr\u00e1n sus obras a visitarla.<\/p>\n<p>&nbsp;<\/p>\n<p>El Centro Cultural abre al p\u00fablico para la exhibici\u00f3n de muestras <em>los martes de 8 a 13; los mi\u00e9rcoles, jueves y viernes de 8 a 13 y de 17 a 21; y los s\u00e1bados, domingos feriados de 18 a 22<\/em>.<\/p>\n<p>&nbsp;<\/p>\n","protected":false},"excerpt":{"rendered":"<p>Las obras de los chicos y chicas que integran el programa se exhibir\u00e1n bajo el nombre \u201cDespertar, imaginar, crecer\u201d. La<\/p>\n","protected":false},"author":4,"featured_media":0,"comment_status":"closed","ping_status":"closed","sticky":false,"template":"","format":"standard","meta":{"_jetpack_memberships_contains_paid_content":false,"footnotes":""},"categories":[9,1],"tags":[],"class_list":["post-74784","post","type-post","status-publish","format-standard","hentry","category-cultura","category-portada"],"jetpack_featured_media_url":"","jetpack_sharing_enabled":true,"_links":{"self":[{"href":"https:\/\/cdnoticias.com\/index.php\/wp-json\/wp\/v2\/posts\/74784","targetHints":{"allow":["GET"]}}],"collection":[{"href":"https:\/\/cdnoticias.com\/index.php\/wp-json\/wp\/v2\/posts"}],"about":[{"href":"https:\/\/cdnoticias.com\/index.php\/wp-json\/wp\/v2\/types\/post"}],"author":[{"embeddable":true,"href":"https:\/\/cdnoticias.com\/index.php\/wp-json\/wp\/v2\/users\/4"}],"replies":[{"embeddable":true,"href":"https:\/\/cdnoticias.com\/index.php\/wp-json\/wp\/v2\/comments?post=74784"}],"version-history":[{"count":0,"href":"https:\/\/cdnoticias.com\/index.php\/wp-json\/wp\/v2\/posts\/74784\/revisions"}],"wp:attachment":[{"href":"https:\/\/cdnoticias.com\/index.php\/wp-json\/wp\/v2\/media?parent=74784"}],"wp:term":[{"taxonomy":"category","embeddable":true,"href":"https:\/\/cdnoticias.com\/index.php\/wp-json\/wp\/v2\/categories?post=74784"},{"taxonomy":"post_tag","embeddable":true,"href":"https:\/\/cdnoticias.com\/index.php\/wp-json\/wp\/v2\/tags?post=74784"}],"curies":[{"name":"wp","href":"https:\/\/api.w.org\/{rel}","templated":true}]}}