{"id":74758,"date":"2023-01-13T19:30:02","date_gmt":"2023-01-13T22:30:02","guid":{"rendered":"https:\/\/www.centraldenoticias.com.ar\/?p=74758"},"modified":"2023-01-13T19:30:02","modified_gmt":"2023-01-13T22:30:02","slug":"se-extendio-la-red-cloacal-en-loma-negra-tras-el-pedido-de-vecinos","status":"publish","type":"post","link":"https:\/\/cdnoticias.com\/index.php\/2023\/01\/13\/se-extendio-la-red-cloacal-en-loma-negra-tras-el-pedido-de-vecinos\/","title":{"rendered":"Se extendi\u00f3 la red cloacal en Loma Negra tras el pedido de vecinos"},"content":{"rendered":"<p>Se trata del sector comprendido por las calles Santa Elena entre La Pampa y Salta. <!--more--><\/p>\n<hr \/>\n<p>En el transcurso de los \u00faltimos d\u00edas se concret\u00f3 la<strong> ampliaci\u00f3n de la red cloacal en un sector de la denominada Villa Vieja de Loma Negra<\/strong>, tras un <strong>pedido de vecinos y vecinas<\/strong> que fue canalizado a trav\u00e9s de la Delegaci\u00f3n Municipal de esa localidad y la Subsecretar\u00eda de Gobierno Municipal.<\/p>\n<p>&nbsp;<\/p>\n<p>Se trata del sector comprendido por las calles <strong>Santa Elena entre La Pampa y Salta<\/strong>, &#8220;un sitio que hab\u00eda quedado pendiente de conexi\u00f3n debido al estudio y labores complementarias para realizar la obra debido a la pendiente del lugar&#8221; se indic\u00f3.<\/p>\n<p>&nbsp;<\/p>\n<p>Por \u00faltimo, desde el Municipio expresaron que &#8220;la obra pudo ser finalizada en las \u00faltimas horas, permitiendo el acceso a un servicio p\u00fablico y fundamental para la comunidad de la localidad serrana&#8221;.<\/p>\n","protected":false},"excerpt":{"rendered":"<p>Se trata del sector comprendido por las calles Santa Elena entre La Pampa y Salta.<\/p>\n","protected":false},"author":6,"featured_media":74759,"comment_status":"closed","ping_status":"closed","sticky":false,"template":"","format":"standard","meta":{"_jetpack_memberships_contains_paid_content":false,"footnotes":""},"categories":[5,1],"tags":[],"class_list":["post-74758","post","type-post","status-publish","format-standard","has-post-thumbnail","hentry","category-informacion-general","category-portada"],"jetpack_featured_media_url":"https:\/\/i0.wp.com\/cdnoticias.com\/wp-content\/uploads\/2023\/01\/redcloacallomanegra.jpg?fit=1024%2C682&ssl=1","jetpack_sharing_enabled":true,"_links":{"self":[{"href":"https:\/\/cdnoticias.com\/index.php\/wp-json\/wp\/v2\/posts\/74758","targetHints":{"allow":["GET"]}}],"collection":[{"href":"https:\/\/cdnoticias.com\/index.php\/wp-json\/wp\/v2\/posts"}],"about":[{"href":"https:\/\/cdnoticias.com\/index.php\/wp-json\/wp\/v2\/types\/post"}],"author":[{"embeddable":true,"href":"https:\/\/cdnoticias.com\/index.php\/wp-json\/wp\/v2\/users\/6"}],"replies":[{"embeddable":true,"href":"https:\/\/cdnoticias.com\/index.php\/wp-json\/wp\/v2\/comments?post=74758"}],"version-history":[{"count":0,"href":"https:\/\/cdnoticias.com\/index.php\/wp-json\/wp\/v2\/posts\/74758\/revisions"}],"wp:featuredmedia":[{"embeddable":true,"href":"https:\/\/cdnoticias.com\/index.php\/wp-json\/wp\/v2\/media\/74759"}],"wp:attachment":[{"href":"https:\/\/cdnoticias.com\/index.php\/wp-json\/wp\/v2\/media?parent=74758"}],"wp:term":[{"taxonomy":"category","embeddable":true,"href":"https:\/\/cdnoticias.com\/index.php\/wp-json\/wp\/v2\/categories?post=74758"},{"taxonomy":"post_tag","embeddable":true,"href":"https:\/\/cdnoticias.com\/index.php\/wp-json\/wp\/v2\/tags?post=74758"}],"curies":[{"name":"wp","href":"https:\/\/api.w.org\/{rel}","templated":true}]}}