{"id":74755,"date":"2023-01-13T19:02:55","date_gmt":"2023-01-13T22:02:55","guid":{"rendered":"https:\/\/www.centraldenoticias.com.ar\/?p=74755"},"modified":"2023-01-13T19:03:37","modified_gmt":"2023-01-13T22:03:37","slug":"los-ultimos-ocho-anos-fueron-los-mas-calidos-a-nivel-mundial","status":"publish","type":"post","link":"https:\/\/cdnoticias.com\/index.php\/2023\/01\/13\/los-ultimos-ocho-anos-fueron-los-mas-calidos-a-nivel-mundial\/","title":{"rendered":"Los \u00faltimos ocho a\u00f1os fueron los m\u00e1s c\u00e1lidos a nivel mundial"},"content":{"rendered":"<p>Se debe a los gases de efecto invernadero y la acumulaci\u00f3n de calor, seg\u00fan un informe de la OMM.<!--more--><\/p>\n<hr \/>\n<p>Los<strong> \u00faltimos ocho a\u00f1os fueron los m\u00e1s c\u00e1lidos desde 1880<\/strong>, cuando empezaron a realizarse este tipo de mediciones, seg\u00fan un informe dado a conocer este jueves por la <strong>Organizaci\u00f3n Meteorol\u00f3gica Mundial<\/strong> (OMM), <strong>dependiente de la ONU.<\/strong><\/p>\n<p>&nbsp;<\/p>\n<p>Seg\u00fan el reporte, en <strong>2022 la temperatura mundial media fue de alrededor de 1,15 grados cent\u00edgrados por encima de los niveles preindustriales.<\/strong> De hecho, el a\u00f1o pasado fue el octavo consecutivo en el que las temperaturas anuales fueron superiores en al menos un grado a los niveles observados entre 1850 y 1900, y de los ocho \u00faltimos a\u00f1os, el m\u00e1s caluroso fue <strong>2016, seguido de 2019 y 2020.<\/strong><\/p>\n<p>&nbsp;<\/p>\n<p>En ese aspecto, el organismo remarc\u00f3 que el <strong>aumento de temperatura se debe<\/strong> a \u201c<em><strong>las concentraciones cada m\u00e1s elevadas de gas de efecto invernadero y el calor acumulado\u201d. <\/strong><\/em>Asimismo, en el informe se advierte que \u201ca medida que pasa el tiempo, cada vez es m\u00e1s probable que se supere el l\u00edmite de 1,5 grados establecido en virtud del Acuerdo de Par\u00eds\u201d.<\/p>\n<p>&nbsp;<\/p>\n<p>En tanto, el actual episodio de La Ni\u00f1a \u2014sumamente persistente, dado que ahora se encuentra en su tercer a\u00f1o\u2014, ejerci\u00f3 un efecto de enfriamiento a ra\u00edz del cual 2022 no fue el a\u00f1o m\u00e1s c\u00e1lido jam\u00e1s registrado, sino el quinto o sexto m\u00e1s c\u00e1lido.<\/p>\n<p>&nbsp;<\/p>\n<p>Sin embargo, este efecto de enfriamiento ser\u00e1 ef\u00edmero y no invertir\u00e1 la tendencia de<strong> calentamiento a largo plazo provocada por los niveles sin precedentes de gases de efecto invernadero que retienen el calor en la atm\u00f3sfera.<\/strong><\/p>\n<p>&nbsp;<\/p>\n<p>En la actualidad, solo la mitad de los 193 Miembros de la OMM disponen de servicios adecuados de alerta temprana, lo que agrava el balance de p\u00e9rdidas econ\u00f3micas y humanas. Adem\u00e1s, las grandes deficiencias en las observaciones meteorol\u00f3gicas b\u00e1sicas en \u00c1frica y los Estados insulares, lo que merma en gran medida la calidad de los pron\u00f3sticos meteorol\u00f3gicos.<\/p>\n<p>&nbsp;<\/p>\n<p><em>Fuente: DIB\u00a0<\/em><\/p>\n","protected":false},"excerpt":{"rendered":"<p>Se debe a los gases de efecto invernadero y la acumulaci\u00f3n de calor, seg\u00fan un informe de la OMM.<\/p>\n","protected":false},"author":6,"featured_media":74756,"comment_status":"closed","ping_status":"closed","sticky":false,"template":"","format":"standard","meta":{"_jetpack_memberships_contains_paid_content":false,"footnotes":""},"categories":[6,1],"tags":[],"class_list":["post-74755","post","type-post","status-publish","format-standard","has-post-thumbnail","hentry","category-nacionales","category-portada"],"jetpack_featured_media_url":"https:\/\/i0.wp.com\/cdnoticias.com\/wp-content\/uploads\/2023\/01\/calor.jpg?fit=696%2C464&ssl=1","jetpack_sharing_enabled":true,"_links":{"self":[{"href":"https:\/\/cdnoticias.com\/index.php\/wp-json\/wp\/v2\/posts\/74755","targetHints":{"allow":["GET"]}}],"collection":[{"href":"https:\/\/cdnoticias.com\/index.php\/wp-json\/wp\/v2\/posts"}],"about":[{"href":"https:\/\/cdnoticias.com\/index.php\/wp-json\/wp\/v2\/types\/post"}],"author":[{"embeddable":true,"href":"https:\/\/cdnoticias.com\/index.php\/wp-json\/wp\/v2\/users\/6"}],"replies":[{"embeddable":true,"href":"https:\/\/cdnoticias.com\/index.php\/wp-json\/wp\/v2\/comments?post=74755"}],"version-history":[{"count":0,"href":"https:\/\/cdnoticias.com\/index.php\/wp-json\/wp\/v2\/posts\/74755\/revisions"}],"wp:featuredmedia":[{"embeddable":true,"href":"https:\/\/cdnoticias.com\/index.php\/wp-json\/wp\/v2\/media\/74756"}],"wp:attachment":[{"href":"https:\/\/cdnoticias.com\/index.php\/wp-json\/wp\/v2\/media?parent=74755"}],"wp:term":[{"taxonomy":"category","embeddable":true,"href":"https:\/\/cdnoticias.com\/index.php\/wp-json\/wp\/v2\/categories?post=74755"},{"taxonomy":"post_tag","embeddable":true,"href":"https:\/\/cdnoticias.com\/index.php\/wp-json\/wp\/v2\/tags?post=74755"}],"curies":[{"name":"wp","href":"https:\/\/api.w.org\/{rel}","templated":true}]}}