{"id":74739,"date":"2023-01-13T17:50:33","date_gmt":"2023-01-13T20:50:33","guid":{"rendered":"https:\/\/www.centraldenoticias.com.ar\/?p=74739"},"modified":"2023-01-13T20:00:45","modified_gmt":"2023-01-13T23:00:45","slug":"realizaron-cinco-allanamientos-por-un-robo-en-barrio-provincias-unidas","status":"publish","type":"post","link":"https:\/\/cdnoticias.com\/index.php\/2023\/01\/13\/realizaron-cinco-allanamientos-por-un-robo-en-barrio-provincias-unidas\/","title":{"rendered":"Realizaron cinco allanamientos por un robo en barrio Provincias Unidas"},"content":{"rendered":"<p>Encontraron varios elementos vinculados a la causa y, adem\u00e1s, otros que se configuraron en una \u201cpresunta comisi\u00f3n de delito de acci\u00f3n p\u00fablica\u201d. <!--more--><\/p>\n<hr \/>\n<p>En la jornada de este viernes, <strong>personal de Comisar\u00eda Segunda con varias fuerzas de seguridad en colaboraci\u00f3n realizaron cinco allanamientos en el marco de una investigaci\u00f3n por robo ocurrido en el barrio Provincias Unidas.<\/strong> All\u00ed, encontraron elementos vinculados a la causa, pero tambi\u00e9n a otros hechos por lo que se abri\u00f3 una nueva investigaci\u00f3n por presunto delito.<\/p>\n<p>&nbsp;<\/p>\n<p>Seg\u00fan se explic\u00f3, los procedimientos fueron realizados por personal de Comisar\u00eda Segunda, Primera, Sierra Chica, Sierras Bayas, Loma Negra, Hinojo, UPPL, CPR, DDI y GAD en <strong>Ant\u00e1rtida Argentina al 1900, Las Heras al 5000, Elena de Fortabat al 2000, Azopardo al 6000 y Santa Fe al 1600.<\/strong><\/p>\n<p>&nbsp;<\/p>\n<p><img data-recalc-dims=\"1\" loading=\"lazy\" decoding=\"async\" class=\"alignnone size-large wp-image-74741\" src=\"https:\/\/i0.wp.com\/cdnoticias.com\/wp-content\/uploads\/2023\/01\/WhatsApp-Image-2023-01-13-at-13.25.41.jpeg?resize=800%2C600&#038;ssl=1\" alt=\"\" width=\"800\" height=\"600\" srcset=\"https:\/\/i0.wp.com\/cdnoticias.com\/wp-content\/uploads\/2023\/01\/WhatsApp-Image-2023-01-13-at-13.25.41.jpeg?resize=1024%2C768&amp;ssl=1 1024w, https:\/\/i0.wp.com\/cdnoticias.com\/wp-content\/uploads\/2023\/01\/WhatsApp-Image-2023-01-13-at-13.25.41.jpeg?resize=300%2C225&amp;ssl=1 300w, https:\/\/i0.wp.com\/cdnoticias.com\/wp-content\/uploads\/2023\/01\/WhatsApp-Image-2023-01-13-at-13.25.41.jpeg?resize=768%2C576&amp;ssl=1 768w, https:\/\/i0.wp.com\/cdnoticias.com\/wp-content\/uploads\/2023\/01\/WhatsApp-Image-2023-01-13-at-13.25.41.jpeg?resize=1536%2C1152&amp;ssl=1 1536w, https:\/\/i0.wp.com\/cdnoticias.com\/wp-content\/uploads\/2023\/01\/WhatsApp-Image-2023-01-13-at-13.25.41.jpeg?w=1600&amp;ssl=1 1600w\" sizes=\"auto, (max-width: 800px) 100vw, 800px\" \/><\/p>\n<p>&nbsp;<\/p>\n<p>All\u00ed,<strong> se secuestr\u00f3<\/strong> un tel\u00e9fono celular, una m\u00e1scara de soldar Luqstoff, 4 rollos de cables de electricidad, un rollo de cable el\u00e9ctrico de talle de 59 metros, 2 alargues de cable, 4 prensas tipo c, 14 mechas, tenaza BREMEN, 2 escofinas Crossmaster, lima de madera de la misma marca, 2 mechas tipo copa, 2 llaves fijas, una caja pl\u00e1stica con 3 cintas m\u00e9tricas, 1 rollo de goma y un tel\u00e9fono celular Redmi color celeste, todos en el marco de la misma causa.<\/p>\n<p>&nbsp;<\/p>\n<p>Pero, adem\u00e1s, <strong>tambi\u00e9n secuestraron dos neum\u00e1ticos marca Pirelli y Firestone por el que se abri\u00f3 otra causa por presunta comisi\u00f3n de delito de acci\u00f3n p\u00fablica<\/strong>, con intervenci\u00f3n del magistrado de turno.<\/p>\n<p>&nbsp;<\/p>\n<p><strong>Los denunciados, en tanto, fueron notificados de una formaci\u00f3n de causa en su contra<\/strong> y continuar\u00e1n el proceso judicial en libertad.<\/p>\n","protected":false},"excerpt":{"rendered":"<p>Encontraron varios elementos vinculados a la causa y, adem\u00e1s, otros que se configuraron en una \u201cpresunta comisi\u00f3n de delito de<\/p>\n","protected":false},"author":2,"featured_media":74740,"comment_status":"closed","ping_status":"closed","sticky":false,"template":"","format":"standard","meta":{"_jetpack_memberships_contains_paid_content":false,"footnotes":""},"categories":[14,1],"tags":[],"class_list":["post-74739","post","type-post","status-publish","format-standard","has-post-thumbnail","hentry","category-policiales","category-portada"],"jetpack_featured_media_url":"https:\/\/i0.wp.com\/cdnoticias.com\/wp-content\/uploads\/2023\/01\/WhatsApp-Image-2023-01-13-at-13.23.10.jpeg?fit=1600%2C1200&ssl=1","jetpack_sharing_enabled":true,"_links":{"self":[{"href":"https:\/\/cdnoticias.com\/index.php\/wp-json\/wp\/v2\/posts\/74739","targetHints":{"allow":["GET"]}}],"collection":[{"href":"https:\/\/cdnoticias.com\/index.php\/wp-json\/wp\/v2\/posts"}],"about":[{"href":"https:\/\/cdnoticias.com\/index.php\/wp-json\/wp\/v2\/types\/post"}],"author":[{"embeddable":true,"href":"https:\/\/cdnoticias.com\/index.php\/wp-json\/wp\/v2\/users\/2"}],"replies":[{"embeddable":true,"href":"https:\/\/cdnoticias.com\/index.php\/wp-json\/wp\/v2\/comments?post=74739"}],"version-history":[{"count":0,"href":"https:\/\/cdnoticias.com\/index.php\/wp-json\/wp\/v2\/posts\/74739\/revisions"}],"wp:featuredmedia":[{"embeddable":true,"href":"https:\/\/cdnoticias.com\/index.php\/wp-json\/wp\/v2\/media\/74740"}],"wp:attachment":[{"href":"https:\/\/cdnoticias.com\/index.php\/wp-json\/wp\/v2\/media?parent=74739"}],"wp:term":[{"taxonomy":"category","embeddable":true,"href":"https:\/\/cdnoticias.com\/index.php\/wp-json\/wp\/v2\/categories?post=74739"},{"taxonomy":"post_tag","embeddable":true,"href":"https:\/\/cdnoticias.com\/index.php\/wp-json\/wp\/v2\/tags?post=74739"}],"curies":[{"name":"wp","href":"https:\/\/api.w.org\/{rel}","templated":true}]}}