{"id":74734,"date":"2023-01-13T20:31:44","date_gmt":"2023-01-13T23:31:44","guid":{"rendered":"https:\/\/www.centraldenoticias.com.ar\/?p=74734"},"modified":"2023-01-13T20:31:44","modified_gmt":"2023-01-13T23:31:44","slug":"asociacion-de-periodistas-de-olavarria-necesitamos-gestion-politica-no-peleas-sin-sentido","status":"publish","type":"post","link":"https:\/\/cdnoticias.com\/index.php\/2023\/01\/13\/asociacion-de-periodistas-de-olavarria-necesitamos-gestion-politica-no-peleas-sin-sentido\/","title":{"rendered":"Asociaci\u00f3n de Periodistas de Olavarr\u00eda: &#8220;Necesitamos gesti\u00f3n pol\u00edtica, no peleas sin sentido&#8221;"},"content":{"rendered":"<p>Lo indicaron en un comunicado luego de una disputa pol\u00edtica que se dio en redes sociales. <!--more--><\/p>\n<hr \/>\n<p>La<strong> Asociaci\u00f3n de Periodistas de Olavarr\u00eda<\/strong> (APO) lanz\u00f3 un comunicado en referencia a la <strong>situaci\u00f3n de los trabajadores y trabajadores de El Popular Medios,<\/strong> luego de una disputa pol\u00edtica que se dio en redes sociales.<\/p>\n<p>&nbsp;<\/p>\n<p>&#8220;La situaci\u00f3n de los <strong>trabajadores y trabajadoras de EL POPULAR Medios<\/strong> qued\u00f3 entrampada en una disputa pol\u00edtica y en una \u201cpelea\u201d a trav\u00e9s de redes sociales, sobre pagos adeudados de pauta oficial provincial y nacional al multimedio olavarriense. En este contexto, los <strong>empleados contin\u00faan sin cobrar salarios y aguinaldo,<\/strong> en medio de una pol\u00edtica de ajuste con reducci\u00f3n de la planta permanente&#8221; comenz\u00f3 el comunicado.<\/p>\n<p>&nbsp;<\/p>\n<p>Luego, agregaron: &#8220;Por tal raz\u00f3n, desde la Asociaci\u00f3n de Periodistas de Olavarr\u00eda <strong>solicitamos a los referentes de los distintos espacios pol\u00edticos intercedan para buscar alternativas reales que hagan viable la posibilidad de que la empresa acceda a los valores adeudados para poder saldar la deuda que tiene con sus trabajadoras y trabajadores.<\/strong> Cabe aclarar que este es el argumento esgrimido por los responsables de la empresa de medios&#8221;.<\/p>\n<p>&nbsp;<\/p>\n<blockquote><p>&#8220;Necesitamos respuestas inmediatas y soluciones urgentes. Es casi mitad de mes y todav\u00eda a algunos ni siquiera les han completado los sueldos de noviembre; mientras que a toda la planta no se le ha abonado salarios de diciembre ni el medio aguinaldo&#8221; expresaron.<\/p><\/blockquote>\n<p>&nbsp;<\/p>\n<p>Adem\u00e1s, indicaron que &#8220;m\u00e1s all\u00e1 de lo salarial, los y las profesionales que se desempe\u00f1an en el Multimedios de Olavarr\u00eda atraviesan una situaci\u00f3n de enorme <strong>preocupaci\u00f3n y tristeza por no poder ejercer su profesi\u00f3n en un marco de enorme crisis.<\/strong> Desde el martes, con la masiva movilizaci\u00f3n que tuvo un importante respaldo de sindicatos y comunidad en general, <strong>el Diario en papel dej\u00f3 de salir a la calle, Canal Local ya no emite el noticiero ni su programaci\u00f3n habitual, y la FM 98Pop no sale al aire.<\/strong> <strong>En tanto que la web se ve tambi\u00e9n resentida en su informaci\u00f3n&#8221;.<\/strong><\/p>\n<p>&nbsp;<\/p>\n<p>&#8220;Esto en el marco del plan de lucha que llev\u00f3 a la concreci\u00f3n de asambleas permanentes en los puestos de trabajo, de forma ininterrumpida y por tiempo indeterminado. Medida que se decidi\u00f3 por mayor\u00eda en una asamblea realizada por los <strong>tres gremios que representan a quienes componen el Multimedios<\/strong>: Gr\u00e1ficos (Fatida), Prensa (APO-Fatpren) y Televisi\u00f3n (Sat-Said). <strong>Necesitamos gesti\u00f3n pol\u00edtica, no peleas sin sentido&#8221;<\/strong> cerr\u00f3 el comunicado.<\/p>\n<p>&nbsp;<\/p>\n<p>&nbsp;<\/p>\n<blockquote class=\"twitter-tweet\">\n<p dir=\"ltr\" lang=\"es\">\ud83d\udd34Las trabajadoras y los trabajadores de El Popular necesitamos gesti\u00f3n pol\u00edtica, no peleas sin sentido<br \/>\n\u26a0\ufe0f La empresa adeuda sueldos de noviembre, diciembre y aguinaldos <a href=\"https:\/\/t.co\/MXsgqETuJu\">pic.twitter.com\/MXsgqETuJu<\/a><\/p>\n<p>\u2014 Asociaci\u00f3n de Periodistas de Olavarr\u00eda (@APOperiodistas) <a href=\"https:\/\/twitter.com\/APOperiodistas\/status\/1613938318638739456?ref_src=twsrc%5Etfw\">January 13, 2023<\/a><\/p><\/blockquote>\n<p><script async src=\"https:\/\/platform.twitter.com\/widgets.js\" charset=\"utf-8\"><\/script><\/p>\n<p>&nbsp;<\/p>\n","protected":false},"excerpt":{"rendered":"<p>Lo indicaron en un comunicado luego de una disputa pol\u00edtica que se dio en redes sociales.<\/p>\n","protected":false},"author":6,"featured_media":74481,"comment_status":"closed","ping_status":"closed","sticky":false,"template":"","format":"standard","meta":{"_jetpack_memberships_contains_paid_content":false,"footnotes":""},"categories":[5,1],"tags":[],"class_list":["post-74734","post","type-post","status-publish","format-standard","has-post-thumbnail","hentry","category-informacion-general","category-portada"],"jetpack_featured_media_url":"https:\/\/i0.wp.com\/cdnoticias.com\/wp-content\/uploads\/2023\/01\/el-popular-marcha-10.jpg?fit=1600%2C890&ssl=1","jetpack_sharing_enabled":true,"_links":{"self":[{"href":"https:\/\/cdnoticias.com\/index.php\/wp-json\/wp\/v2\/posts\/74734","targetHints":{"allow":["GET"]}}],"collection":[{"href":"https:\/\/cdnoticias.com\/index.php\/wp-json\/wp\/v2\/posts"}],"about":[{"href":"https:\/\/cdnoticias.com\/index.php\/wp-json\/wp\/v2\/types\/post"}],"author":[{"embeddable":true,"href":"https:\/\/cdnoticias.com\/index.php\/wp-json\/wp\/v2\/users\/6"}],"replies":[{"embeddable":true,"href":"https:\/\/cdnoticias.com\/index.php\/wp-json\/wp\/v2\/comments?post=74734"}],"version-history":[{"count":0,"href":"https:\/\/cdnoticias.com\/index.php\/wp-json\/wp\/v2\/posts\/74734\/revisions"}],"wp:featuredmedia":[{"embeddable":true,"href":"https:\/\/cdnoticias.com\/index.php\/wp-json\/wp\/v2\/media\/74481"}],"wp:attachment":[{"href":"https:\/\/cdnoticias.com\/index.php\/wp-json\/wp\/v2\/media?parent=74734"}],"wp:term":[{"taxonomy":"category","embeddable":true,"href":"https:\/\/cdnoticias.com\/index.php\/wp-json\/wp\/v2\/categories?post=74734"},{"taxonomy":"post_tag","embeddable":true,"href":"https:\/\/cdnoticias.com\/index.php\/wp-json\/wp\/v2\/tags?post=74734"}],"curies":[{"name":"wp","href":"https:\/\/api.w.org\/{rel}","templated":true}]}}