{"id":74713,"date":"2023-01-13T18:31:52","date_gmt":"2023-01-13T21:31:52","guid":{"rendered":"https:\/\/www.centraldenoticias.com.ar\/?p=74713"},"modified":"2023-01-13T18:31:52","modified_gmt":"2023-01-13T21:31:52","slug":"voy-en-camino-jornadas-de-senderismo-en-olavarria","status":"publish","type":"post","link":"https:\/\/cdnoticias.com\/index.php\/2023\/01\/13\/voy-en-camino-jornadas-de-senderismo-en-olavarria\/","title":{"rendered":"\u201cVoy en camino\u201d: jornadas de senderismo en Olavarr\u00eda"},"content":{"rendered":"<p>La innovadora propuesta tur\u00edstica propone caminatas por diferentes recorridos. La primera ser\u00e1 el viernes 20 de enero y requiere inscripci\u00f3n previa.<!--more--><\/p>\n<hr \/>\n<p>Desde la Direcci\u00f3n de Turismo de Olavarr\u00eda, perteneciente a la Secretar\u00eda de Desarrollo Econ\u00f3mico, se presenta una nueva actividad que se promueve desde el \u00e1rea. Se trata de <strong>jornadas de senderismo en los distintos puntos tur\u00edsticos y de inter\u00e9s hist\u00f3rico patrimonial dentro del Partido de Olavarr\u00eda<\/strong> para, de esta forma, permitir que los olavarrienses y visitantes descubran y conozcan mejor la potencialidad y riqueza de la ciudad.<\/p>\n<p>&nbsp;<\/p>\n<p>Esta nueva iniciativa, denominada \u201cVoy en camino\u201d consistir\u00e1 en caminatas por diferentes recorridos, con una <strong>duraci\u00f3n m\u00e1xima de 2:30 horas<\/strong>, coordinadas junto a<strong> X-Time Grupo de Aventura.<\/strong><\/p>\n<p>&nbsp;<\/p>\n<p>Se prev\u00e9, a partir de las mismas, poder brindar experiencias de aprendizaje e interpretaci\u00f3n, enfatizar la participaci\u00f3n local y dar a conocer peque\u00f1as empresas tur\u00edsticas del Partido, contribuir en la conservaci\u00f3n de la biodiversidad y promover el consumo m\u00e1s bajo posible de recursos no renovables, como as\u00ed tambi\u00e9n, actividades deportivas saludables.<\/p>\n<p>&nbsp;<\/p>\n<p>Es importante destacar que para la realizaci\u00f3n de la misma <strong>no se requiere contar con experiencia previa y se recomienda que los menores que se anoten tengan como m\u00ednimo 8 a\u00f1os de edad.<\/strong> A su vez ser\u00e1 obligatorio que concurran acompa\u00f1ados por un adulto responsable.<\/p>\n<p>&nbsp;<\/p>\n<blockquote><p>La primera jornada del a\u00f1o ser\u00e1 el pr\u00f3ximo viernes 20 de enero. En esta primera oportunidad, el circuito a desarrollar ser\u00e1 de intensidad baja y se denomina \u201cCostero Olavarriense\u201d.<\/p><\/blockquote>\n<p>&nbsp;<\/p>\n<p>Se partir\u00e1 desde las <strong>inmediaciones del Monumento a San Mart\u00edn<\/strong>, en la plazoleta Alejandro Mar\u00eda de Aguado, ubicada en el Parque del Bicentenario \u00abSenador O. Lara\u00bb \u2013 Almte. Brown y V\u00e9lez Sarsfield \u2013 para recorrer los diferentes puntos de inter\u00e9s que se encuentran a lo largo del Arroyo Tapalqu\u00e9.<\/p>\n<p>&nbsp;<\/p>\n<p>Comenzamos cuando el sol apenas se esconda. Caminaremos un hermoso trayecto urbano y nos detendremos en varias ocasiones para contemplar el paisaje nocturno que amplifica todos los sentidos, ver algunas constelaciones y conocer historias del lugar. <strong>Una salida para conocer y disfrutar la noche, las estrellas, el paisaje y muchos m\u00e1s.<\/strong><\/p>\n<p>&nbsp;<\/p>\n<blockquote><p>El horario de encuentro de la salida ser\u00e1 a las 20:30 horas. El circuito arrancar\u00e1 a las 20:45 horas para regresar a las 23:00 horas aproximadamente.<\/p><\/blockquote>\n<p>&nbsp;<\/p>\n<p>Para su participaci\u00f3n deber\u00e1n inscribirse previamente por medio de un formulario espec\u00edfico, a trav\u00e9s del siguiente <a href=\"https:\/\/docs.google.com\/forms\/d\/e\/1FAIpQLSegyRJhigohKM9Ic9by2au9Z1A7-AFQX26ibuASmJqLrQksmw\/closedform\" target=\"_blank\" rel=\"noopener\">enlace<\/a>, o telef\u00f3nicamente al fijo de la oficina de Turismo de Olavarr\u00eda (02284) 480023. <strong>Los cupos son limitados y ambas v\u00edas se habilitar\u00e1n el lunes 16\/01 a partir de las 10:00 horas.<\/strong><\/p>\n<p>&nbsp;<\/p>\n<p>Para m\u00e1s informaci\u00f3n o acceder al link de inscripci\u00f3n, se pueden comunicar al tel\u00e9fono (02284) 480023, al correo electr\u00f3nico turismo@olavarria.gov.ar o v\u00eda WhatsApp al n\u00famero (02284) 695796. Tambi\u00e9n est\u00e1n disponibles las redes sociales oficiales del \u00e1rea: Ig: @Olavarria Turismo, Facebook @disfrutaolavarria.<\/p>\n","protected":false},"excerpt":{"rendered":"<p>La innovadora propuesta tur\u00edstica propone caminatas por diferentes recorridos. La primera ser\u00e1 el viernes 20 de enero y requiere inscripci\u00f3n<\/p>\n","protected":false},"author":5,"featured_media":74714,"comment_status":"closed","ping_status":"closed","sticky":false,"template":"","format":"standard","meta":{"_jetpack_memberships_contains_paid_content":false,"footnotes":""},"categories":[5,1],"tags":[],"class_list":["post-74713","post","type-post","status-publish","format-standard","has-post-thumbnail","hentry","category-informacion-general","category-portada"],"jetpack_featured_media_url":"https:\/\/i0.wp.com\/cdnoticias.com\/wp-content\/uploads\/2023\/01\/DE-Voy-en-camino-20-enero-1024x1024-1.png?fit=1024%2C1024&ssl=1","jetpack_sharing_enabled":true,"_links":{"self":[{"href":"https:\/\/cdnoticias.com\/index.php\/wp-json\/wp\/v2\/posts\/74713","targetHints":{"allow":["GET"]}}],"collection":[{"href":"https:\/\/cdnoticias.com\/index.php\/wp-json\/wp\/v2\/posts"}],"about":[{"href":"https:\/\/cdnoticias.com\/index.php\/wp-json\/wp\/v2\/types\/post"}],"author":[{"embeddable":true,"href":"https:\/\/cdnoticias.com\/index.php\/wp-json\/wp\/v2\/users\/5"}],"replies":[{"embeddable":true,"href":"https:\/\/cdnoticias.com\/index.php\/wp-json\/wp\/v2\/comments?post=74713"}],"version-history":[{"count":0,"href":"https:\/\/cdnoticias.com\/index.php\/wp-json\/wp\/v2\/posts\/74713\/revisions"}],"wp:featuredmedia":[{"embeddable":true,"href":"https:\/\/cdnoticias.com\/index.php\/wp-json\/wp\/v2\/media\/74714"}],"wp:attachment":[{"href":"https:\/\/cdnoticias.com\/index.php\/wp-json\/wp\/v2\/media?parent=74713"}],"wp:term":[{"taxonomy":"category","embeddable":true,"href":"https:\/\/cdnoticias.com\/index.php\/wp-json\/wp\/v2\/categories?post=74713"},{"taxonomy":"post_tag","embeddable":true,"href":"https:\/\/cdnoticias.com\/index.php\/wp-json\/wp\/v2\/tags?post=74713"}],"curies":[{"name":"wp","href":"https:\/\/api.w.org\/{rel}","templated":true}]}}