{"id":74702,"date":"2023-01-12T20:06:11","date_gmt":"2023-01-13T11:36:45","guid":{"rendered":"https:\/\/www.centraldenoticias.com.ar\/?p=74702"},"modified":"2025-02-10T23:23:04","modified_gmt":"2025-02-11T02:23:04","slug":"leandro-messineo-gano-una-de-las-etapas-del-giro-del-sol","status":"publish","type":"post","link":"https:\/\/cdnoticias.com\/index.php\/2023\/01\/12\/leandro-messineo-gano-una-de-las-etapas-del-giro-del-sol\/","title":{"rendered":"Leandro Messineo gan\u00f3 una de las Etapas del \u201cGiro del Sol\u201d"},"content":{"rendered":"<p>En San Juan y durante tres d\u00edas se disput\u00f3 la 21\u00b0 edici\u00f3n del \u201cGiro del Sol\u201d y entre los olavarrienses presentes se destac\u00f3 la participaci\u00f3n de Leandro Messineo que gan\u00f3 una de las etapas.<!--more--><\/p>\n<hr \/>\n<p><strong>Leandro Messineo en el equipo Chimbas Te Quiero, Nehu\u00e9n Erripa en el Equipo Centro de Desarrollo Ciclista Bonaerense tras su regreso de Europa y Diego Mart\u00edn del equipo Giomi participaron de las tres etapas que tuvo la 21\u00b0 edici\u00f3n del \u201cGiro del Sol\u201d<\/strong> y la mejor actuaci\u00f3n fue la de Messineo que se subi\u00f3 al podio en dos de las tres etapas que tuvo una de las carreras m\u00e1s convocantes del pa\u00eds.<\/p>\n<p>&nbsp;<\/p>\n<p>El gran ganador en los m\u00e1s de 400 kil\u00f3metros recorridos fue\u00a0 el neuquino Maximiliano Navarrete, integrante de Gremios por el Deporte \u2013 Cutral Co, pero el integrante de Chimbas Te Quiero finaliz\u00f3 tercero en la primera etapa y en la segunda, con un tiempo de 2:54:28 fue el primero en completar los 130 kil\u00f3metros de recorrido tras definici\u00f3n por photo-finish.<\/p>\n<p>&nbsp;<\/p>\n<p>Adem\u00e1s, en la \u00faltima etapa finaliz\u00f3 en la 17\u00b0 posici\u00f3n a 33 segundos del l\u00edder y no logr\u00f3 subirse al podio de la carrera.<\/p>\n<p>&nbsp;<\/p>\n<p>Por otro lado, Diego Mart\u00edn complet\u00f3 dos de los tres d\u00edas de carrera y el juvenil Nehu\u00e9n Erripa se ubic\u00f3 en el Top60 en el primer d\u00eda, pero luego no logr\u00f3 cruzar la meta en las otras dos pruebas.<\/p>\n","protected":false},"excerpt":{"rendered":"<p>En San Juan y durante tres d\u00edas se disput\u00f3 la 21\u00b0 edici\u00f3n del \u201cGiro del Sol\u201d y entre los olavarrienses<\/p>\n","protected":false},"author":96739694,"featured_media":153198,"comment_status":"closed","ping_status":"closed","sticky":false,"template":"","format":"standard","meta":{"_jetpack_memberships_contains_paid_content":false,"footnotes":""},"categories":[30,1],"tags":[],"class_list":["post-74702","post","type-post","status-publish","format-standard","has-post-thumbnail","hentry","category-polideportivo","category-portada"],"jetpack_featured_media_url":"https:\/\/i0.wp.com\/cdnoticias.com\/wp-content\/uploads\/2023\/01\/WhatsApp-Image-2023-01-12-at-19.52.00.jpeg?fit=770%2C440&ssl=1","jetpack_sharing_enabled":true,"_links":{"self":[{"href":"https:\/\/cdnoticias.com\/index.php\/wp-json\/wp\/v2\/posts\/74702","targetHints":{"allow":["GET"]}}],"collection":[{"href":"https:\/\/cdnoticias.com\/index.php\/wp-json\/wp\/v2\/posts"}],"about":[{"href":"https:\/\/cdnoticias.com\/index.php\/wp-json\/wp\/v2\/types\/post"}],"author":[{"embeddable":true,"href":"https:\/\/cdnoticias.com\/index.php\/wp-json\/wp\/v2\/users\/96739694"}],"replies":[{"embeddable":true,"href":"https:\/\/cdnoticias.com\/index.php\/wp-json\/wp\/v2\/comments?post=74702"}],"version-history":[{"count":0,"href":"https:\/\/cdnoticias.com\/index.php\/wp-json\/wp\/v2\/posts\/74702\/revisions"}],"wp:featuredmedia":[{"embeddable":true,"href":"https:\/\/cdnoticias.com\/index.php\/wp-json\/wp\/v2\/media\/153198"}],"wp:attachment":[{"href":"https:\/\/cdnoticias.com\/index.php\/wp-json\/wp\/v2\/media?parent=74702"}],"wp:term":[{"taxonomy":"category","embeddable":true,"href":"https:\/\/cdnoticias.com\/index.php\/wp-json\/wp\/v2\/categories?post=74702"},{"taxonomy":"post_tag","embeddable":true,"href":"https:\/\/cdnoticias.com\/index.php\/wp-json\/wp\/v2\/tags?post=74702"}],"curies":[{"name":"wp","href":"https:\/\/api.w.org\/{rel}","templated":true}]}}