{"id":74698,"date":"2023-01-13T08:07:58","date_gmt":"2023-01-13T11:07:58","guid":{"rendered":"https:\/\/www.centraldenoticias.com.ar\/?p=74698"},"modified":"2023-01-13T08:07:58","modified_gmt":"2023-01-13T11:07:58","slug":"raquel-argentina-saez-viuda-de-steinbach-q-e-p-d","status":"publish","type":"post","link":"https:\/\/cdnoticias.com\/index.php\/2023\/01\/13\/raquel-argentina-saez-viuda-de-steinbach-q-e-p-d\/","title":{"rendered":"Raquel Argentina Saez viuda de Steinbach (Q.E.P.D.)"},"content":{"rendered":"<p>Falleci\u00f3 en Olavarr\u00eda el 13 de enero de 2023 a los 58 a\u00f1os de edad. Sus hijos Diana, Jacob, Cesar, Ezequiel, Evelyn y Franco Steinbach. Sus hijos pol\u00edticos Marcos, Julieta, Priscila, Tob\u00edas y Eliana. Sus nietos Abril, Serena, Valentino, M\u00e1ximo, Paulina, Ramiro, Ian, \u00darsula y Jerem\u00edas. Sus hermanos. Sus hermanos pol\u00edticos. Sus sobrinos y dem\u00e1s deudos participan su fallecimiento.<\/p>\n<p>&nbsp;<\/p>\n<p>Sus restos ser\u00e1n velados en Espa\u00f1a 2942 departamento &#8220;D&#8221; (comienza a las 18) y ser\u00e1n inhumados en el cementerio Loma de Paz, este s\u00e1bado 14 de enero a las 8:30, previo responso en la capilla ardiente. Servicio adherido a Coopelectric. Vecina de Hip\u00f3lito Yrigoyen. Nacida en Bah\u00eda Blanca. Pensionada.<\/p>\n","protected":false},"excerpt":{"rendered":"<p>Falleci\u00f3 en Olavarr\u00eda el 13 de enero de 2023 a los 58 a\u00f1os de edad. Sus hijos Diana, Jacob, Cesar,<\/p>\n","protected":false},"author":5,"featured_media":67646,"comment_status":"closed","ping_status":"closed","sticky":false,"template":"","format":"standard","meta":{"_jetpack_memberships_contains_paid_content":false,"footnotes":""},"categories":[10],"tags":[],"class_list":["post-74698","post","type-post","status-publish","format-standard","has-post-thumbnail","hentry","category-necrologicas"],"jetpack_featured_media_url":"https:\/\/i0.wp.com\/cdnoticias.com\/wp-content\/uploads\/2022\/10\/necrologicas-390-x-240.jpg?fit=390%2C240&ssl=1","jetpack_sharing_enabled":true,"_links":{"self":[{"href":"https:\/\/cdnoticias.com\/index.php\/wp-json\/wp\/v2\/posts\/74698","targetHints":{"allow":["GET"]}}],"collection":[{"href":"https:\/\/cdnoticias.com\/index.php\/wp-json\/wp\/v2\/posts"}],"about":[{"href":"https:\/\/cdnoticias.com\/index.php\/wp-json\/wp\/v2\/types\/post"}],"author":[{"embeddable":true,"href":"https:\/\/cdnoticias.com\/index.php\/wp-json\/wp\/v2\/users\/5"}],"replies":[{"embeddable":true,"href":"https:\/\/cdnoticias.com\/index.php\/wp-json\/wp\/v2\/comments?post=74698"}],"version-history":[{"count":0,"href":"https:\/\/cdnoticias.com\/index.php\/wp-json\/wp\/v2\/posts\/74698\/revisions"}],"wp:featuredmedia":[{"embeddable":true,"href":"https:\/\/cdnoticias.com\/index.php\/wp-json\/wp\/v2\/media\/67646"}],"wp:attachment":[{"href":"https:\/\/cdnoticias.com\/index.php\/wp-json\/wp\/v2\/media?parent=74698"}],"wp:term":[{"taxonomy":"category","embeddable":true,"href":"https:\/\/cdnoticias.com\/index.php\/wp-json\/wp\/v2\/categories?post=74698"},{"taxonomy":"post_tag","embeddable":true,"href":"https:\/\/cdnoticias.com\/index.php\/wp-json\/wp\/v2\/tags?post=74698"}],"curies":[{"name":"wp","href":"https:\/\/api.w.org\/{rel}","templated":true}]}}