{"id":74673,"date":"2023-01-12T17:31:29","date_gmt":"2023-01-12T20:31:29","guid":{"rendered":"https:\/\/www.centraldenoticias.com.ar\/?p=74673"},"modified":"2023-01-12T17:31:29","modified_gmt":"2023-01-12T20:31:29","slug":"corte-de-luz-en-tres-sectores-de-la-ciudad-3","status":"publish","type":"post","link":"https:\/\/cdnoticias.com\/index.php\/2023\/01\/12\/corte-de-luz-en-tres-sectores-de-la-ciudad-3\/","title":{"rendered":"Corte de luz en tres sectores de la ciudad"},"content":{"rendered":"<p>Ser\u00e1 este viernes 13 por tareas de mantenimiento. <!--more--><\/p>\n<hr \/>\n<p>Desde Coopelectric se inform\u00f3 que durante este <strong>viernes 13<\/strong> se llevar\u00e1n a cabo <strong>cortes de luz por tareas de mantenimiento.<\/strong><\/p>\n<p>&nbsp;<\/p>\n<p>Ser\u00e1n en <strong>tres sectores de la ciudad<\/strong>:<\/p>\n<p>&nbsp;<\/p>\n<ul>\n<li><strong>Sector 1<\/strong>: Saavedra \u2013 avenida Col\u00f3n &#8211; Berutti &#8211; San Mart\u00edn <strong>(de 7:00 a 10:00).<\/strong><\/li>\n<li><strong>Sector 2<\/strong>: avenida Urquiza &#8211; San Mart\u00edn \u2013 avenida Pellegrini \u2013 Coronel Su\u00e1rez <strong>(de 7:00 a 10:00).<\/strong><\/li>\n<li><strong>Sector 3<\/strong>: Celestino Mu\u00f1oz \u2013 avenida Trabajadores \u2013 avenida Pellegrini \u2013 Rep\u00fablica Del L\u00edbano <strong>(13:00 a 14:30).<\/strong><\/li>\n<\/ul>\n<p>&nbsp;<\/p>\n<p>Se indic\u00f3 que puede suspenderse sin las condiciones clim\u00e1ticas son adversas. En tal caso, las tareas ser\u00e1n reprogramadas.<\/p>\n","protected":false},"excerpt":{"rendered":"<p>Ser\u00e1 este viernes 13 por tareas de mantenimiento.<\/p>\n","protected":false},"author":6,"featured_media":41403,"comment_status":"closed","ping_status":"closed","sticky":false,"template":"","format":"standard","meta":{"_jetpack_memberships_contains_paid_content":false,"footnotes":""},"categories":[5,1],"tags":[],"class_list":["post-74673","post","type-post","status-publish","format-standard","has-post-thumbnail","hentry","category-informacion-general","category-portada"],"jetpack_featured_media_url":"https:\/\/i0.wp.com\/cdnoticias.com\/wp-content\/uploads\/2021\/12\/coopelectric-camion.jpg?fit=1600%2C890&ssl=1","jetpack_sharing_enabled":true,"_links":{"self":[{"href":"https:\/\/cdnoticias.com\/index.php\/wp-json\/wp\/v2\/posts\/74673","targetHints":{"allow":["GET"]}}],"collection":[{"href":"https:\/\/cdnoticias.com\/index.php\/wp-json\/wp\/v2\/posts"}],"about":[{"href":"https:\/\/cdnoticias.com\/index.php\/wp-json\/wp\/v2\/types\/post"}],"author":[{"embeddable":true,"href":"https:\/\/cdnoticias.com\/index.php\/wp-json\/wp\/v2\/users\/6"}],"replies":[{"embeddable":true,"href":"https:\/\/cdnoticias.com\/index.php\/wp-json\/wp\/v2\/comments?post=74673"}],"version-history":[{"count":0,"href":"https:\/\/cdnoticias.com\/index.php\/wp-json\/wp\/v2\/posts\/74673\/revisions"}],"wp:featuredmedia":[{"embeddable":true,"href":"https:\/\/cdnoticias.com\/index.php\/wp-json\/wp\/v2\/media\/41403"}],"wp:attachment":[{"href":"https:\/\/cdnoticias.com\/index.php\/wp-json\/wp\/v2\/media?parent=74673"}],"wp:term":[{"taxonomy":"category","embeddable":true,"href":"https:\/\/cdnoticias.com\/index.php\/wp-json\/wp\/v2\/categories?post=74673"},{"taxonomy":"post_tag","embeddable":true,"href":"https:\/\/cdnoticias.com\/index.php\/wp-json\/wp\/v2\/tags?post=74673"}],"curies":[{"name":"wp","href":"https:\/\/api.w.org\/{rel}","templated":true}]}}