{"id":74665,"date":"2023-01-12T16:22:41","date_gmt":"2023-01-12T19:22:41","guid":{"rendered":"https:\/\/www.centraldenoticias.com.ar\/?p=74665"},"modified":"2023-01-12T16:22:41","modified_gmt":"2023-01-12T19:22:41","slug":"de-la-torre-se-mostro-en-azul-y-paso-por-olavarria","status":"publish","type":"post","link":"https:\/\/cdnoticias.com\/index.php\/2023\/01\/12\/de-la-torre-se-mostro-en-azul-y-paso-por-olavarria\/","title":{"rendered":"De La Torre se mostr\u00f3 en Azul y pas\u00f3 por Olavarr\u00eda"},"content":{"rendered":"<p>El actual senador provincial de Juntos por el Cambio Joaqu\u00edn De la Torre busca posicionarse para ser candidato a gobernador bonaerense.<!--more--><\/p>\n<hr \/>\n<p><strong>Joaqu\u00edn De la Torre estuvo este mi\u00e9rcoles en la S\u00e9ptima:<\/strong> se mostr\u00f3 en la localidad de Azul y pas\u00f3 por Olavarr\u00eda, seg\u00fan pudo saber <strong>Central de Noticias<\/strong>.<\/p>\n<p>&nbsp;<\/p>\n<p>El actual <strong>senador provincial de Juntos por el Cambio busca posicionarse para ser candidato a gobernador bonaerense este a\u00f1o<\/strong> y en ese marco forma parte del equipo de la presidenta del PRO, Patricia Bullrich.<\/p>\n<p>&nbsp;<\/p>\n<p><strong>En Azul, De la Torre fue recibido por el jefe comunal, Hern\u00e1n Bertellys,<\/strong> con quien recorri\u00f3 el Parque Industrial y el ex Molino San Mart\u00edn ubicado sobre ruta 3, en el ingreso a esa ciudad. Tambi\u00e9n estuvieron funcionarios municipales.<\/p>\n<p>&nbsp;<\/p>\n<blockquote><p>Tras las actividades en Azul, De la Torre lleg\u00f3 hasta Olavarr\u00eda donde mantuvo una reuni\u00f3n hasta las primeras horas de la tarde, aunque se aclar\u00f3 ante la consulta que fue en plan informal y sin relaci\u00f3n con su agenda pol\u00edtica.<\/p><\/blockquote>\n<p>&nbsp;<\/p>\n<p>En los \u00faltimos d\u00edas, el precandidato a gobernador hab\u00eda presentado un nuevo informe de elaboraci\u00f3n propia acerca de la <strong>situaci\u00f3n de los planes sociales en la Provincia con cr\u00edticas a la gesti\u00f3n nacional<\/strong>.<em> \u201cEl 77% de los beneficiarios lleva m\u00e1s de seis a\u00f1os cobrando un plan social y que el 53,9% posee m\u00e1s de un beneficio social, incluyendo el pol\u00e9mico plan Potenciar Trabajo\u201d<\/em> inform\u00f3 De la Torre entre los datos que destac\u00f3.<\/p>\n<p>&nbsp;<\/p>\n<p><img data-recalc-dims=\"1\" loading=\"lazy\" decoding=\"async\" class=\"size-full wp-image-74667 aligncenter\" src=\"https:\/\/i0.wp.com\/cdnoticias.com\/wp-content\/uploads\/2023\/01\/El-Tiempo-de-la-torre-bertellys-1.jpg?resize=800%2C445&#038;ssl=1\" alt=\"\" width=\"800\" height=\"445\" srcset=\"https:\/\/i0.wp.com\/cdnoticias.com\/wp-content\/uploads\/2023\/01\/El-Tiempo-de-la-torre-bertellys-1.jpg?w=800&amp;ssl=1 800w, https:\/\/i0.wp.com\/cdnoticias.com\/wp-content\/uploads\/2023\/01\/El-Tiempo-de-la-torre-bertellys-1.jpg?resize=300%2C167&amp;ssl=1 300w, https:\/\/i0.wp.com\/cdnoticias.com\/wp-content\/uploads\/2023\/01\/El-Tiempo-de-la-torre-bertellys-1.jpg?resize=768%2C427&amp;ssl=1 768w\" sizes=\"auto, (max-width: 800px) 100vw, 800px\" \/><\/p>\n<p>&nbsp;<\/p>\n<p>En ese marco afirm\u00f3 que \u201cestamos trabajando en planes de gobierno que permitan a la gente tener un trabajo formal, y que el plan sea una excepci\u00f3n por un tiempo determinado, y no algo permanente. Sabemos que hay gente que lo necesita, pero m\u00e1s <strong>necesitan tener un trabajo que les permita realizarse como seres humanos y salir de la pobreza\u201d<\/strong>.<\/p>\n<p>&nbsp;<\/p>\n<p>Sobre ese tema, en la localidad de Azul, De la Torre sostuvo que <strong>\u201cla \u00fanica pandemia que hubo en el pa\u00eds en los \u00faltimos a\u00f1os es la pobreza\u201d<\/strong> al tiempo que resalt\u00f3 el entramado productivo de las localidades del interior bonaerense. \u201cAfuera de la ruta 6 uno ve un mont\u00f3n de gente que se levanta a producir y a trabajar y que no han parado en ning\u00fan momento y que por ah\u00ed sienten que muchas veces gran parte de lo que producen o lo que generan se lo llevan los impuestos del gobierno nacional&#8221; consider\u00f3.<\/p>\n<p>&nbsp;<\/p>\n<blockquote><p>De cara al a\u00f1o electoral y en la interna de Juntos, el legislador se refiri\u00f3 a Patricia Bullrich: \u201cNecesitamos una presidenta que tenga coraje, valent\u00eda, firmeza y convicciones y que haya tenido experiencia en gesti\u00f3n. Y Patricia tiene todo eso y es la persona indicada para la Argentina que nos toca, porque hace veinte a\u00f1os que los pol\u00edticos acarician los problemas y no los resuelven y eso no da para m\u00e1s\u201d.<\/p><\/blockquote>\n<p>&nbsp;<\/p>\n<p>Fuentes:<em> datos propios, Diario El Tiempo y Prensa<\/em><\/p>\n<p>Fotos: <em>Diario El Tiempo<\/em><\/p>\n<p>&nbsp;<\/p>\n","protected":false},"excerpt":{"rendered":"<p>El actual senador provincial de Juntos por el Cambio Joaqu\u00edn De la Torre busca posicionarse para ser candidato a gobernador<\/p>\n","protected":false},"author":4,"featured_media":74666,"comment_status":"closed","ping_status":"closed","sticky":false,"template":"","format":"standard","meta":{"_jetpack_memberships_contains_paid_content":false,"footnotes":""},"categories":[4,1],"tags":[],"class_list":["post-74665","post","type-post","status-publish","format-standard","has-post-thumbnail","hentry","category-politica","category-portada"],"jetpack_featured_media_url":"https:\/\/i0.wp.com\/cdnoticias.com\/wp-content\/uploads\/2023\/01\/El-Tiempo-de-la-torre-bertellys.jpg?fit=800%2C445&ssl=1","jetpack_sharing_enabled":true,"_links":{"self":[{"href":"https:\/\/cdnoticias.com\/index.php\/wp-json\/wp\/v2\/posts\/74665","targetHints":{"allow":["GET"]}}],"collection":[{"href":"https:\/\/cdnoticias.com\/index.php\/wp-json\/wp\/v2\/posts"}],"about":[{"href":"https:\/\/cdnoticias.com\/index.php\/wp-json\/wp\/v2\/types\/post"}],"author":[{"embeddable":true,"href":"https:\/\/cdnoticias.com\/index.php\/wp-json\/wp\/v2\/users\/4"}],"replies":[{"embeddable":true,"href":"https:\/\/cdnoticias.com\/index.php\/wp-json\/wp\/v2\/comments?post=74665"}],"version-history":[{"count":0,"href":"https:\/\/cdnoticias.com\/index.php\/wp-json\/wp\/v2\/posts\/74665\/revisions"}],"wp:featuredmedia":[{"embeddable":true,"href":"https:\/\/cdnoticias.com\/index.php\/wp-json\/wp\/v2\/media\/74666"}],"wp:attachment":[{"href":"https:\/\/cdnoticias.com\/index.php\/wp-json\/wp\/v2\/media?parent=74665"}],"wp:term":[{"taxonomy":"category","embeddable":true,"href":"https:\/\/cdnoticias.com\/index.php\/wp-json\/wp\/v2\/categories?post=74665"},{"taxonomy":"post_tag","embeddable":true,"href":"https:\/\/cdnoticias.com\/index.php\/wp-json\/wp\/v2\/tags?post=74665"}],"curies":[{"name":"wp","href":"https:\/\/api.w.org\/{rel}","templated":true}]}}