{"id":74660,"date":"2023-01-12T10:10:37","date_gmt":"2023-01-12T13:10:37","guid":{"rendered":"https:\/\/www.centraldenoticias.com.ar\/?p=74660"},"modified":"2023-01-12T11:45:42","modified_gmt":"2023-01-12T14:45:42","slug":"galli-y-las-elecciones-necesitamos-que-se-sumen-todos-para-tener-mejores-resultados","status":"publish","type":"post","link":"https:\/\/cdnoticias.com\/index.php\/2023\/01\/12\/galli-y-las-elecciones-necesitamos-que-se-sumen-todos-para-tener-mejores-resultados\/","title":{"rendered":"Galli y las elecciones: \u201cNecesitamos que se sumen todos para tener mejores resultados\u201d"},"content":{"rendered":"<p>Desde Pinamar reforz\u00f3 su apoyo a Larreta y Santilli. Habl\u00f3 de la necesidad de fortalecer la coalici\u00f3n Juntos y de sumar al \u201cvecinalismo\u201d.<!--more--><\/p>\n<hr \/>\n<p><strong>Ezequiel Galli estuvo en Pinamar en los primeros d\u00edas del a\u00f1o<\/strong> y aprovech\u00f3 para mostrarse con otros dirigentes del Pro, entre ellos <strong>Horacio Rodr\u00edguez Larreta y Diego Santilli<\/strong>. En ese marco, reforz\u00f3 su apoyo para las candidaturas nacional y provincial, respectivamente, de estos dos referentes.<\/p>\n<p>&nbsp;<\/p>\n<p>En una entrevista que cedi\u00f3 al medio Letra P, el jefe comunal de Olavarr\u00eda tambi\u00e9n <strong>habl\u00f3 de fortalecer la coalici\u00f3n Juntos y de sumar al \u201cvecinalismo\u201d.<\/strong><\/p>\n<p>&nbsp;<\/p>\n<blockquote><p>\u201cNo tengo ninguna duda: si Horacio es presidente, las decisiones no las va a tomar Mauricio\u201d dijo Galli en su previsi\u00f3n de la futura llegada del actual jefe de Gobierno de CABA a la Casa Rosada y el rol que tendr\u00e1 el ex presidente.<\/p><\/blockquote>\n<p>&nbsp;<\/p>\n<figure id=\"attachment_74659\" aria-describedby=\"caption-attachment-74659\" style=\"width: 500px\" class=\"wp-caption aligncenter\"><img data-recalc-dims=\"1\" loading=\"lazy\" decoding=\"async\" class=\"wp-image-74659\" src=\"https:\/\/i0.wp.com\/cdnoticias.com\/wp-content\/uploads\/2023\/01\/ezequiel-galli-letrap.webp?resize=500%2C521&#038;ssl=1\" alt=\"\" width=\"500\" height=\"521\" \/><figcaption id=\"caption-attachment-74659\" class=\"wp-caption-text\">Ph: Letra P.<\/figcaption><\/figure>\n<p>&nbsp;<\/p>\n<p>En cuanto al actual<strong> diputado nacional por la provincia de Buenos Aires afirm\u00f3 que \u201ces el candidato con m\u00e1s capacidad para enfrentar al kirchnerismo\u201d<\/strong> y realz\u00f3 la victoria en las Legislativas 2021 al se\u00f1alar que \u201cle gan\u00f3 a todo el peronismo unido\u201d.<\/p>\n<p>&nbsp;<\/p>\n<p>Reiter\u00f3 sus preferencias por Larreta para la candidatura presidencial y por Santilli para la candidatura a gobernador bonaerense, aunque aclar\u00f3 que <strong>\u201csi alguno de los otros candidatos va a Olavarr\u00eda, caminaremos juntos, porque s\u00e9 que todav\u00eda no hay nada definido\u201d<\/strong>.<\/p>\n<p>&nbsp;<\/p>\n<blockquote><p>En referencia a la estrategia electoral para este a\u00f1o, Ezequiel Galli plante\u00f3 la importancia de \u201cser amplios y fortalecer el v\u00ednculo con la Coalici\u00f3n C\u00edvica, el radicalismo y con el peronismo de Miguel \u00c1ngel Pichetto, pero tambi\u00e9n con nuevos espacios como el vecinalismo. Necesitamos que se sumen todos para tener mejores resultados\u201d.<\/p><\/blockquote>\n<p>&nbsp;<\/p>\n<blockquote class=\"twitter-tweet\">\n<p dir=\"ltr\" lang=\"es\">Caminando en <a href=\"https:\/\/twitter.com\/hashtag\/VillaGesell?src=hash&amp;ref_src=twsrc%5Etfw\">#VillaGesell<\/a> hay equipo <a href=\"https:\/\/twitter.com\/horaciorlarreta?ref_src=twsrc%5Etfw\">@horaciorlarreta<\/a> <a href=\"https:\/\/twitter.com\/diegosantilli?ref_src=twsrc%5Etfw\">@diegosantilli<\/a> <a href=\"https:\/\/twitter.com\/dievalen?ref_src=twsrc%5Etfw\">@dievalen<\/a> <a href=\"https:\/\/twitter.com\/YoSoyMartiniano?ref_src=twsrc%5Etfw\">@YoSoyMartiniano<\/a> \ud83d\udcaa <a href=\"https:\/\/t.co\/hWUh1re7dx\">pic.twitter.com\/hWUh1re7dx<\/a><\/p>\n<p>\u2014 Ezequiel Galli (@ezequielgalli) <a href=\"https:\/\/twitter.com\/ezequielgalli\/status\/1611520647225815041?ref_src=twsrc%5Etfw\">January 7, 2023<\/a><\/p><\/blockquote>\n<p><script async src=\"https:\/\/platform.twitter.com\/widgets.js\" charset=\"utf-8\"><\/script><\/p>\n<p>&nbsp;<\/p>\n<p>Fuente y fotos: <em>Letra P<\/em><\/p>\n","protected":false},"excerpt":{"rendered":"<p>Desde Pinamar reforz\u00f3 su apoyo a Larreta y Santilli. Habl\u00f3 de la necesidad de fortalecer la coalici\u00f3n Juntos y de<\/p>\n","protected":false},"author":4,"featured_media":74661,"comment_status":"closed","ping_status":"closed","sticky":false,"template":"","format":"standard","meta":{"_jetpack_memberships_contains_paid_content":false,"footnotes":""},"categories":[4,1],"tags":[],"class_list":["post-74660","post","type-post","status-publish","format-standard","has-post-thumbnail","hentry","category-politica","category-portada"],"jetpack_featured_media_url":"https:\/\/i0.wp.com\/cdnoticias.com\/wp-content\/uploads\/2023\/01\/galli-pinamar.jpg?fit=800%2C445&ssl=1","jetpack_sharing_enabled":true,"_links":{"self":[{"href":"https:\/\/cdnoticias.com\/index.php\/wp-json\/wp\/v2\/posts\/74660","targetHints":{"allow":["GET"]}}],"collection":[{"href":"https:\/\/cdnoticias.com\/index.php\/wp-json\/wp\/v2\/posts"}],"about":[{"href":"https:\/\/cdnoticias.com\/index.php\/wp-json\/wp\/v2\/types\/post"}],"author":[{"embeddable":true,"href":"https:\/\/cdnoticias.com\/index.php\/wp-json\/wp\/v2\/users\/4"}],"replies":[{"embeddable":true,"href":"https:\/\/cdnoticias.com\/index.php\/wp-json\/wp\/v2\/comments?post=74660"}],"version-history":[{"count":0,"href":"https:\/\/cdnoticias.com\/index.php\/wp-json\/wp\/v2\/posts\/74660\/revisions"}],"wp:featuredmedia":[{"embeddable":true,"href":"https:\/\/cdnoticias.com\/index.php\/wp-json\/wp\/v2\/media\/74661"}],"wp:attachment":[{"href":"https:\/\/cdnoticias.com\/index.php\/wp-json\/wp\/v2\/media?parent=74660"}],"wp:term":[{"taxonomy":"category","embeddable":true,"href":"https:\/\/cdnoticias.com\/index.php\/wp-json\/wp\/v2\/categories?post=74660"},{"taxonomy":"post_tag","embeddable":true,"href":"https:\/\/cdnoticias.com\/index.php\/wp-json\/wp\/v2\/tags?post=74660"}],"curies":[{"name":"wp","href":"https:\/\/api.w.org\/{rel}","templated":true}]}}