{"id":74653,"date":"2023-01-12T08:55:15","date_gmt":"2023-01-12T11:55:15","guid":{"rendered":"https:\/\/www.centraldenoticias.com.ar\/?p=74653"},"modified":"2023-01-12T08:55:15","modified_gmt":"2023-01-12T11:55:15","slug":"diputados-coinciden-en-la-necesidad-de-fortalecer-el-dialogo-y-buscar-consensos","status":"publish","type":"post","link":"https:\/\/cdnoticias.com\/index.php\/2023\/01\/12\/diputados-coinciden-en-la-necesidad-de-fortalecer-el-dialogo-y-buscar-consensos\/","title":{"rendered":"Diputados coinciden en la necesidad de fortalecer el di\u00e1logo y buscar consensos"},"content":{"rendered":"<p>As\u00ed lo manifestaron representantes de diversos bloques en la C\u00e1mara baja, que preside Cecilia Moreau. Sostienen que es el principal desaf\u00edo para garantizar una buena actividad legislativa.<!--more--><\/p>\n<hr \/>\n<p>Legisladores de varios bloques del oficialismo y la oposici\u00f3n en la C\u00e1mara de Diputados se\u00f1alaron que el 2023 debe ser un a\u00f1o para profundizar el di\u00e1logo y promover los consensos,<strong> en pos de avanzar con los proyectos que demande la sociedad.<\/strong><\/p>\n<p>&nbsp;<\/p>\n<p>En ese sentido, entrevistada por el Diputados TV, <strong>el legislador oficialista Juan Manuel Pedrini<\/strong> afirm\u00f3: &#8220;Creo que el principal aporte que tenemos que hacer es tratar los proyectos. La correlaci\u00f3n de fuerzas es la que est\u00e1 y si no tratamos los temas generan decredito para nuestra funci\u00f3n legislativa&#8221;.<\/p>\n<p>&nbsp;<\/p>\n<div class=\"jetpack-video-wrapper\"><iframe loading=\"lazy\" title=\"Diputados coinciden en la necesidad de fortalecer el di\u00e1logo y buscar consensos\" width=\"800\" height=\"450\" src=\"https:\/\/www.youtube.com\/embed\/pfmcBbjLUIA?feature=oembed\" frameborder=\"0\" allow=\"accelerometer; autoplay; clipboard-write; encrypted-media; gyroscope; picture-in-picture; web-share\" allowfullscreen><\/iframe><\/div>\n<p>&nbsp;<\/p>\n<blockquote><p>Y a\u00f1adi\u00f3 que &#8220;aquellos temas que convocamos a la sociedad a que d\u00e9 su opini\u00f3n, por respeto, debemos tratarlos&#8221;.<\/p><\/blockquote>\n<p>&nbsp;<\/p>\n<p>De igual manera, <strong>el diputado Juan Carlos Polini (UCR &#8211; Corrientes)<\/strong> expres\u00f3: &#8220;M\u00e1s all\u00e1 de que es un a\u00f1o de discusi\u00f3n, un a\u00f1o electoral, la buena voluntad de trabajar en cuestiones concretas que tengan que ver con el d\u00eda a d\u00eda de los argentinos, que me parece que hace falta. Por acompa\u00f1amiento a una situaci\u00f3n que estamos viviendo, sobre todo a nivel econ\u00f3mico y social&#8221;.<\/p>\n<p>&nbsp;<\/p>\n<div class=\"jetpack-video-wrapper\"><iframe loading=\"lazy\" title=\"Diputados coinciden en la necesidad de fortalecer el di\u00e1logo y buscar consensos\" width=\"800\" height=\"450\" src=\"https:\/\/www.youtube.com\/embed\/dRDU2N_lO5c?feature=oembed\" frameborder=\"0\" allow=\"accelerometer; autoplay; clipboard-write; encrypted-media; gyroscope; picture-in-picture; web-share\" allowfullscreen><\/iframe><\/div>\n<p>&nbsp;<\/p>\n<p>&#8220;Ojal\u00e1 nos permita colaborar como parte de esta instituci\u00f3n tan importante y la democracia en la C\u00e1mara de Diputados&#8221;, agreg\u00f3 Polini.<\/p>\n","protected":false},"excerpt":{"rendered":"<p>As\u00ed lo manifestaron representantes de diversos bloques en la C\u00e1mara baja, que preside Cecilia Moreau. Sostienen que es el principal<\/p>\n","protected":false},"author":5,"featured_media":72644,"comment_status":"closed","ping_status":"closed","sticky":false,"template":"","format":"standard","meta":{"_jetpack_memberships_contains_paid_content":false,"footnotes":""},"categories":[6,1],"tags":[],"class_list":["post-74653","post","type-post","status-publish","format-standard","has-post-thumbnail","hentry","category-nacionales","category-portada"],"jetpack_featured_media_url":"https:\/\/i0.wp.com\/cdnoticias.com\/wp-content\/uploads\/2022\/12\/alcohol-cero-diputados.jpg?fit=800%2C445&ssl=1","jetpack_sharing_enabled":true,"_links":{"self":[{"href":"https:\/\/cdnoticias.com\/index.php\/wp-json\/wp\/v2\/posts\/74653","targetHints":{"allow":["GET"]}}],"collection":[{"href":"https:\/\/cdnoticias.com\/index.php\/wp-json\/wp\/v2\/posts"}],"about":[{"href":"https:\/\/cdnoticias.com\/index.php\/wp-json\/wp\/v2\/types\/post"}],"author":[{"embeddable":true,"href":"https:\/\/cdnoticias.com\/index.php\/wp-json\/wp\/v2\/users\/5"}],"replies":[{"embeddable":true,"href":"https:\/\/cdnoticias.com\/index.php\/wp-json\/wp\/v2\/comments?post=74653"}],"version-history":[{"count":0,"href":"https:\/\/cdnoticias.com\/index.php\/wp-json\/wp\/v2\/posts\/74653\/revisions"}],"wp:featuredmedia":[{"embeddable":true,"href":"https:\/\/cdnoticias.com\/index.php\/wp-json\/wp\/v2\/media\/72644"}],"wp:attachment":[{"href":"https:\/\/cdnoticias.com\/index.php\/wp-json\/wp\/v2\/media?parent=74653"}],"wp:term":[{"taxonomy":"category","embeddable":true,"href":"https:\/\/cdnoticias.com\/index.php\/wp-json\/wp\/v2\/categories?post=74653"},{"taxonomy":"post_tag","embeddable":true,"href":"https:\/\/cdnoticias.com\/index.php\/wp-json\/wp\/v2\/tags?post=74653"}],"curies":[{"name":"wp","href":"https:\/\/api.w.org\/{rel}","templated":true}]}}