{"id":74641,"date":"2023-01-11T20:18:06","date_gmt":"2023-01-11T23:18:06","guid":{"rendered":"https:\/\/www.centraldenoticias.com.ar\/?p=74641"},"modified":"2023-01-12T10:10:51","modified_gmt":"2023-01-12T13:10:51","slug":"causa-terrenos-peralta-cambio-de-representante-legal-y-pedira-declarar","status":"publish","type":"post","link":"https:\/\/cdnoticias.com\/index.php\/2023\/01\/11\/causa-terrenos-peralta-cambio-de-representante-legal-y-pedira-declarar\/","title":{"rendered":"Causa terrenos: Peralta cambi\u00f3 de representante legal y pedir\u00e1 declarar"},"content":{"rendered":"<p>As\u00ed fue confirmado a Central de Noticias por fuentes vinculadas a uno de los imputados por la venta ilegal de terrenos. Si bien solicitar\u00e1 declarar bajo la figura del \u201carrepentido\u201d depender\u00e1 de la decisi\u00f3n de la Justicia si acepta o no. <!--more--><\/p>\n<hr \/>\n<p>Tras <strong>haberse atrincherado en un comercio de nuestra ciudad a inicios de enero<\/strong>, uno de los cuatro imputados por la venta ilegal de terrenos, <strong>Claudio Peralta, cambi\u00f3 de representaci\u00f3n legal y buscar\u00e1 declarar bajo la figura del \u201carrepentido\u201d algo que deber\u00e1 acordar con la fiscal\u00eda y ser homologado por un juez.<\/strong><\/p>\n<p>&nbsp;<\/p>\n<blockquote><p>Peralta dejar\u00e1 de estar representado por Sergio Rold\u00e1n y ahora en su lugar estar\u00e1 el letrado Marcelo Fuche, quien asumi\u00f3 en las \u00faltimas horas este lugar.<\/p><\/blockquote>\n<p>&nbsp;<\/p>\n<p>Seg\u00fan se desliz\u00f3 desde fuentes cercanas al imputado,<strong> la asunci\u00f3n del nuevo letrado trae consigo la intenci\u00f3n de declarar bajo la figura del arrepentido<\/strong>, dado que tendr\u00eda pruebas que impliquen a otras personas en la causa caratulada, actualmente, como \u201cEstafas reiteradas\u201d.<\/p>\n<p>&nbsp;<\/p>\n<p><strong>Sobre la figura del arrepentido deben hacerse algunas salvedades<\/strong>: primero <strong>Peralta deber\u00e1 llegar a un acuerdo con la fiscal del caso (la doctora Paula Serrano, en este caso)<\/strong> y en caso de lograrlo, deber\u00e1 ser homologado por un juez.<\/p>\n<p>&nbsp;<\/p>\n<blockquote><p>Adem\u00e1s, tras la declaraci\u00f3n tanto fiscal como juez deber\u00e1n corroborar si la informaci\u00f3n aportada fue \u201cverdadera y \u00fatil\u201d para el avance concreto de la causa.<\/p><\/blockquote>\n<p>&nbsp;<\/p>\n<p>Pero otros dos puntos a tener en cuenta tienen que ver con <strong>la culpabilidad del imputado y la car\u00e1tula de la causa<\/strong>: si est\u00e1 \u201carrepentido\u201d<strong> se presume que Peralta se considera culpable por el delito que se lo imputa y esta figura tiene como objetivo reducir la pena estipulada<\/strong> en caso de un eventual juicio (se aplica en la sentencia), <strong>pero adem\u00e1s la causa deber\u00eda recaratularse como \u201cAsociaci\u00f3n il\u00edcita\u201d dado que no en todas las acusaciones un imputado puede declarar como \u201carrepentido\u201d.<\/strong><\/p>\n<p>&nbsp;<\/p>\n<p>As\u00ed las cosas<strong>, en principio se conoci\u00f3 el cambio de letrado y se esperan novedades vinculadas a la causa<\/strong>, m\u00e1s all\u00e1 del resultado de las <a href=\"https:\/\/cdnoticias.com\/index.php\/2023\/01\/03\/causa-de-los-terrenos-la-fiscal-serrano-recibio-una-carta-anonima-coactiva\/\" target=\"_blank\" rel=\"noopener\">pericias de los tel\u00e9fonos celulares secuestrados en allanamientos el a\u00f1o pasado<\/a>.<\/p>\n<p>&nbsp;<\/p>\n","protected":false},"excerpt":{"rendered":"<p>As\u00ed fue confirmado a Central de Noticias por fuentes vinculadas a uno de los imputados por la venta ilegal de<\/p>\n","protected":false},"author":2,"featured_media":56048,"comment_status":"closed","ping_status":"closed","sticky":false,"template":"","format":"standard","meta":{"_jetpack_memberships_contains_paid_content":false,"footnotes":""},"categories":[14,1],"tags":[],"class_list":["post-74641","post","type-post","status-publish","format-standard","has-post-thumbnail","hentry","category-policiales","category-portada"],"jetpack_featured_media_url":"https:\/\/i0.wp.com\/cdnoticias.com\/wp-content\/uploads\/2022\/05\/claudio-peralta-00A.jpg?fit=1000%2C556&ssl=1","jetpack_sharing_enabled":true,"_links":{"self":[{"href":"https:\/\/cdnoticias.com\/index.php\/wp-json\/wp\/v2\/posts\/74641","targetHints":{"allow":["GET"]}}],"collection":[{"href":"https:\/\/cdnoticias.com\/index.php\/wp-json\/wp\/v2\/posts"}],"about":[{"href":"https:\/\/cdnoticias.com\/index.php\/wp-json\/wp\/v2\/types\/post"}],"author":[{"embeddable":true,"href":"https:\/\/cdnoticias.com\/index.php\/wp-json\/wp\/v2\/users\/2"}],"replies":[{"embeddable":true,"href":"https:\/\/cdnoticias.com\/index.php\/wp-json\/wp\/v2\/comments?post=74641"}],"version-history":[{"count":0,"href":"https:\/\/cdnoticias.com\/index.php\/wp-json\/wp\/v2\/posts\/74641\/revisions"}],"wp:featuredmedia":[{"embeddable":true,"href":"https:\/\/cdnoticias.com\/index.php\/wp-json\/wp\/v2\/media\/56048"}],"wp:attachment":[{"href":"https:\/\/cdnoticias.com\/index.php\/wp-json\/wp\/v2\/media?parent=74641"}],"wp:term":[{"taxonomy":"category","embeddable":true,"href":"https:\/\/cdnoticias.com\/index.php\/wp-json\/wp\/v2\/categories?post=74641"},{"taxonomy":"post_tag","embeddable":true,"href":"https:\/\/cdnoticias.com\/index.php\/wp-json\/wp\/v2\/tags?post=74641"}],"curies":[{"name":"wp","href":"https:\/\/api.w.org\/{rel}","templated":true}]}}