{"id":7464,"date":"2020-11-25T18:30:01","date_gmt":"2020-11-25T21:30:01","guid":{"rendered":"http:\/\/www.centraldenoticias.com.ar\/?p=7464"},"modified":"2020-11-25T21:09:45","modified_gmt":"2020-11-26T00:09:45","slug":"hubo-19-casos-de-covid-19-y-suman-143-los-pacientes-activos","status":"publish","type":"post","link":"https:\/\/cdnoticias.com\/index.php\/2020\/11\/25\/hubo-19-casos-de-covid-19-y-suman-143-los-pacientes-activos\/","title":{"rendered":"Hubo 19 casos de Covid-19 y suman 143 los pacientes activos"},"content":{"rendered":"<p>Adem\u00e1s, 24 pacientes recibieron el alta m\u00e9dica. Los positivos de la jornada corresponden a personal del servicio penitenciario y a nexos con positivos anteriores.<!--more--><\/p>\n<hr \/>\n<p>&nbsp;<\/p>\n<p>La secretar\u00eda de Salud del Gobierno Municipal inform\u00f3 que este mi\u00e9rcoles <strong>se registraron 19 nuevos casos de Covid-19 en el partido de Olavarr\u00eda, hubo 24 pacientes que recibieron el alta m\u00e9dica y se descartaron 64.<\/strong><\/p>\n<p>&nbsp;<\/p>\n<p><strong>El total de pacientes activos es de 143.<\/strong> En tanto, en el d\u00eda de la fecha se realizaron 83 testeos y m\u00e1s de 11.100 desde el comienzo de la pandemia.<\/p>\n<p>&nbsp;<\/p>\n<p><img data-recalc-dims=\"1\" loading=\"lazy\" decoding=\"async\" class=\"alignnone size-large wp-image-7463\" src=\"https:\/\/i0.wp.com\/cdnoticias.com\/wp-content\/uploads\/2020\/11\/parte-11.jpg?resize=800%2C409&#038;ssl=1\" alt=\"\" width=\"800\" height=\"409\" srcset=\"https:\/\/i0.wp.com\/cdnoticias.com\/wp-content\/uploads\/2020\/11\/parte-11.jpg?resize=1024%2C523&amp;ssl=1 1024w, https:\/\/i0.wp.com\/cdnoticias.com\/wp-content\/uploads\/2020\/11\/parte-11.jpg?resize=300%2C153&amp;ssl=1 300w, https:\/\/i0.wp.com\/cdnoticias.com\/wp-content\/uploads\/2020\/11\/parte-11.jpg?resize=768%2C392&amp;ssl=1 768w, https:\/\/i0.wp.com\/cdnoticias.com\/wp-content\/uploads\/2020\/11\/parte-11.jpg?w=1164&amp;ssl=1 1164w\" sizes=\"auto, (max-width: 800px) 100vw, 800px\" \/><\/p>\n<p>&nbsp;<\/p>\n<blockquote><p>Los positivos corresponden a personal del servicio penitenciario y a nexos con positivos anteriores. Asimismo, se inform\u00f3 que este jueves se realizar\u00e1 una nueva jornada del RTA en el <strong>Paseo de la Salud (Brown y Belgrano).<\/strong><\/p><\/blockquote>\n<p>&nbsp;<\/p>\n<p><img data-recalc-dims=\"1\" loading=\"lazy\" decoding=\"async\" class=\"alignnone size-large wp-image-7465\" src=\"https:\/\/i0.wp.com\/cdnoticias.com\/wp-content\/uploads\/2020\/11\/WhatsApp-Image-2020-11-25-at-18.18.48.jpeg?resize=800%2C800&#038;ssl=1\" alt=\"\" width=\"800\" height=\"800\" srcset=\"https:\/\/i0.wp.com\/cdnoticias.com\/wp-content\/uploads\/2020\/11\/WhatsApp-Image-2020-11-25-at-18.18.48.jpeg?resize=1024%2C1024&amp;ssl=1 1024w, https:\/\/i0.wp.com\/cdnoticias.com\/wp-content\/uploads\/2020\/11\/WhatsApp-Image-2020-11-25-at-18.18.48.jpeg?resize=150%2C150&amp;ssl=1 150w, https:\/\/i0.wp.com\/cdnoticias.com\/wp-content\/uploads\/2020\/11\/WhatsApp-Image-2020-11-25-at-18.18.48.jpeg?resize=300%2C300&amp;ssl=1 300w, https:\/\/i0.wp.com\/cdnoticias.com\/wp-content\/uploads\/2020\/11\/WhatsApp-Image-2020-11-25-at-18.18.48.jpeg?resize=768%2C768&amp;ssl=1 768w, https:\/\/i0.wp.com\/cdnoticias.com\/wp-content\/uploads\/2020\/11\/WhatsApp-Image-2020-11-25-at-18.18.48.jpeg?w=1280&amp;ssl=1 1280w\" sizes=\"auto, (max-width: 800px) 100vw, 800px\" \/><\/p>\n<p>&nbsp;<\/p>\n<p>Sobre el estado actual del Hospital Municipal \u201cDr. H\u00e9ctor Cura\u201d, se indic\u00f3 que <strong>hay 6 pacientes en Unidad de Terapia Intensiva y 13 en Cuidados Generales. Por otra parte, no hay internados en el sector de Pediatr\u00eda.<\/strong><\/p>\n<p>&nbsp;<\/p>\n<p>En este sentido, desde la Secretar\u00eda de Salud Municipal aseguraron que el 92% de los casos positivos corresponden a personas con menos de 60 a\u00f1os y el 8% a mayores de 60 a\u00f1os.<\/p>\n","protected":false},"excerpt":{"rendered":"<p>Adem\u00e1s, 24 pacientes recibieron el alta m\u00e9dica. Los positivos de la jornada corresponden a personal del servicio penitenciario y a<\/p>\n","protected":false},"author":5,"featured_media":5322,"comment_status":"closed","ping_status":"closed","sticky":false,"template":"","format":"standard","meta":{"_jetpack_memberships_contains_paid_content":false,"footnotes":""},"categories":[5,1],"tags":[],"class_list":["post-7464","post","type-post","status-publish","format-standard","has-post-thumbnail","hentry","category-informacion-general","category-portada"],"jetpack_featured_media_url":"https:\/\/i0.wp.com\/cdnoticias.com\/wp-content\/uploads\/2020\/10\/Salud-Testeos-Intensivos-Paseo-de-la-salud-4.jpg?fit=1968%2C1312&ssl=1","jetpack_sharing_enabled":true,"_links":{"self":[{"href":"https:\/\/cdnoticias.com\/index.php\/wp-json\/wp\/v2\/posts\/7464","targetHints":{"allow":["GET"]}}],"collection":[{"href":"https:\/\/cdnoticias.com\/index.php\/wp-json\/wp\/v2\/posts"}],"about":[{"href":"https:\/\/cdnoticias.com\/index.php\/wp-json\/wp\/v2\/types\/post"}],"author":[{"embeddable":true,"href":"https:\/\/cdnoticias.com\/index.php\/wp-json\/wp\/v2\/users\/5"}],"replies":[{"embeddable":true,"href":"https:\/\/cdnoticias.com\/index.php\/wp-json\/wp\/v2\/comments?post=7464"}],"version-history":[{"count":0,"href":"https:\/\/cdnoticias.com\/index.php\/wp-json\/wp\/v2\/posts\/7464\/revisions"}],"wp:featuredmedia":[{"embeddable":true,"href":"https:\/\/cdnoticias.com\/index.php\/wp-json\/wp\/v2\/media\/5322"}],"wp:attachment":[{"href":"https:\/\/cdnoticias.com\/index.php\/wp-json\/wp\/v2\/media?parent=7464"}],"wp:term":[{"taxonomy":"category","embeddable":true,"href":"https:\/\/cdnoticias.com\/index.php\/wp-json\/wp\/v2\/categories?post=7464"},{"taxonomy":"post_tag","embeddable":true,"href":"https:\/\/cdnoticias.com\/index.php\/wp-json\/wp\/v2\/tags?post=7464"}],"curies":[{"name":"wp","href":"https:\/\/api.w.org\/{rel}","templated":true}]}}