{"id":74635,"date":"2023-01-11T20:01:54","date_gmt":"2023-01-11T23:01:54","guid":{"rendered":"https:\/\/www.centraldenoticias.com.ar\/?p=74635"},"modified":"2023-01-11T20:02:09","modified_gmt":"2023-01-11T23:02:09","slug":"olavarria-al-frente-realizo-una-fiesta-de-reyes","status":"publish","type":"post","link":"https:\/\/cdnoticias.com\/index.php\/2023\/01\/11\/olavarria-al-frente-realizo-una-fiesta-de-reyes\/","title":{"rendered":"Olavarr\u00eda al Frente realiz\u00f3 una Fiesta de Reyes"},"content":{"rendered":"<p>Fue en los barrios Bel\u00e9n, Matadero, Corpi, Cuartel y Eucaliptus y participaron m\u00e1s de 100 ni\u00f1os y ni\u00f1as.<br \/>\n<!--more--><\/p>\n<hr \/>\n<p><strong>Olavarr\u00eda al Frente<\/strong> realiz\u00f3 una<strong> Fiesta de Reyes\u00a0<\/strong>en los barrios <strong>Bel\u00e9n, Matadero, Corpi, Cuartel y Eucaliptus.<\/strong><\/p>\n<p>&nbsp;<\/p>\n<p>Participaron de la jornada<strong> m\u00e1s de 100 ni\u00f1os y ni\u00f1as<\/strong> que recibieron regalos de las manos de los Reyes Magos.<\/p>\n<p>&nbsp;<\/p>\n<p><img data-recalc-dims=\"1\" loading=\"lazy\" decoding=\"async\" class=\"aligncenter wp-image-74638 size-full\" src=\"https:\/\/i0.wp.com\/cdnoticias.com\/wp-content\/uploads\/2023\/01\/reyes2.png?resize=800%2C465&#038;ssl=1\" alt=\"\" width=\"800\" height=\"465\" srcset=\"https:\/\/i0.wp.com\/cdnoticias.com\/wp-content\/uploads\/2023\/01\/reyes2.png?w=1078&amp;ssl=1 1078w, https:\/\/i0.wp.com\/cdnoticias.com\/wp-content\/uploads\/2023\/01\/reyes2.png?resize=300%2C174&amp;ssl=1 300w, https:\/\/i0.wp.com\/cdnoticias.com\/wp-content\/uploads\/2023\/01\/reyes2.png?resize=1024%2C596&amp;ssl=1 1024w, https:\/\/i0.wp.com\/cdnoticias.com\/wp-content\/uploads\/2023\/01\/reyes2.png?resize=768%2C447&amp;ssl=1 768w\" sizes=\"auto, (max-width: 800px) 100vw, 800px\" \/><\/p>\n<p>&nbsp;<\/p>\n<p><em><strong>&#8220;Fue una jornada de celebraci\u00f3n y plena de alegr\u00eda junto a todos los vecinos que se acercaron a participar del evento<\/strong><\/em>&#8221; indicaron desde el espacio local.<\/p>\n","protected":false},"excerpt":{"rendered":"<p>Fue en los barrios Bel\u00e9n, Matadero, Corpi, Cuartel y Eucaliptus y participaron m\u00e1s de 100 ni\u00f1os y ni\u00f1as.<\/p>\n","protected":false},"author":6,"featured_media":74636,"comment_status":"closed","ping_status":"closed","sticky":false,"template":"","format":"standard","meta":{"_jetpack_memberships_contains_paid_content":false,"footnotes":""},"categories":[5],"tags":[],"class_list":["post-74635","post","type-post","status-publish","format-standard","has-post-thumbnail","hentry","category-informacion-general"],"jetpack_featured_media_url":"https:\/\/i0.wp.com\/cdnoticias.com\/wp-content\/uploads\/2023\/01\/reyes1.png?fit=1078%2C666&ssl=1","jetpack_sharing_enabled":true,"_links":{"self":[{"href":"https:\/\/cdnoticias.com\/index.php\/wp-json\/wp\/v2\/posts\/74635","targetHints":{"allow":["GET"]}}],"collection":[{"href":"https:\/\/cdnoticias.com\/index.php\/wp-json\/wp\/v2\/posts"}],"about":[{"href":"https:\/\/cdnoticias.com\/index.php\/wp-json\/wp\/v2\/types\/post"}],"author":[{"embeddable":true,"href":"https:\/\/cdnoticias.com\/index.php\/wp-json\/wp\/v2\/users\/6"}],"replies":[{"embeddable":true,"href":"https:\/\/cdnoticias.com\/index.php\/wp-json\/wp\/v2\/comments?post=74635"}],"version-history":[{"count":0,"href":"https:\/\/cdnoticias.com\/index.php\/wp-json\/wp\/v2\/posts\/74635\/revisions"}],"wp:featuredmedia":[{"embeddable":true,"href":"https:\/\/cdnoticias.com\/index.php\/wp-json\/wp\/v2\/media\/74636"}],"wp:attachment":[{"href":"https:\/\/cdnoticias.com\/index.php\/wp-json\/wp\/v2\/media?parent=74635"}],"wp:term":[{"taxonomy":"category","embeddable":true,"href":"https:\/\/cdnoticias.com\/index.php\/wp-json\/wp\/v2\/categories?post=74635"},{"taxonomy":"post_tag","embeddable":true,"href":"https:\/\/cdnoticias.com\/index.php\/wp-json\/wp\/v2\/tags?post=74635"}],"curies":[{"name":"wp","href":"https:\/\/api.w.org\/{rel}","templated":true}]}}