{"id":74629,"date":"2023-01-11T19:36:25","date_gmt":"2023-01-11T22:36:25","guid":{"rendered":"https:\/\/www.centraldenoticias.com.ar\/?p=74629"},"modified":"2023-01-11T19:36:25","modified_gmt":"2023-01-11T22:36:25","slug":"el-gobierno-designo-a-greta-pena-al-frente-del-inadi","status":"publish","type":"post","link":"https:\/\/cdnoticias.com\/index.php\/2023\/01\/11\/el-gobierno-designo-a-greta-pena-al-frente-del-inadi\/","title":{"rendered":"El Gobierno design\u00f3 a Greta Pena al frente del INADI"},"content":{"rendered":"<p>La decisi\u00f3n fue oficializada a trav\u00e9s de un decreto publicado en el Bolet\u00edn Oficial.<!--more--><\/p>\n<hr \/>\n<p>El Gobierno nacional prorrog\u00f3 la intervenci\u00f3n del<strong> Instituto Nacional contra la Discriminaci\u00f3n, la Xenofobia y el Racismo<\/strong> (Inadi) <strong>hasta el 10 de diciembre de este a\u00f1o<\/strong> y design\u00f3 como interventora a la <strong>abogada y periodista Greta Marisa Pena<\/strong>, en reemplazo de Victoria Donda, quien se fue del cargo en medio de una controvertida salida.<\/p>\n<p>&nbsp;<\/p>\n<p>Lo hizo mediante el Decreto 15\/2023 publicado este martes en el Bolet\u00edn Oficial bajo la firma del <strong>presidente Alberto Fern\u00e1ndez<\/strong>; el ministro de Justicia, <strong>Mart\u00edn Soria;<\/strong> y la ministra de Mujeres, G\u00e9nero y Diversidad,<strong> Ximena Ayel\u00e9n Mazzina Gui\u00f1az\u00fa.<\/strong><\/p>\n<p>&nbsp;<\/p>\n<p><strong>Greta Pena es periodista y abogada<\/strong> y se desempe\u00f1aba hasta ahora como secretaria de <strong>Pol\u00edticas de Igualdad y Diversidad del Ministerio de las Mujeres, G\u00e9neros y Diversidad<\/strong>.<\/p>\n<p>&nbsp;<\/p>\n<p>La nueva interventora viene desempe\u00f1\u00e1ndose en el sector p\u00fablico desde 1997. En el <strong>primer Gobierno de Cristina Fern\u00e1ndez de Kirchner<\/strong> dio el salto por primera vez al Inadi. Ocup\u00f3 sucesivamente la Direcci\u00f3n de Prevenci\u00f3n e Investigaci\u00f3n de Pr\u00e1cticas Discriminatorias y la Coordinaci\u00f3n de Prevenci\u00f3n y Protecci\u00f3n de Derechos.<\/p>\n<p>&nbsp;<\/p>\n<p>M\u00e1s tarde fue asesora en la Subsecretar\u00eda de Promoci\u00f3n de Derechos Humanos de la Naci\u00f3n y, ya en los \u00faltimos meses de Cristina Kirchner en la Casa Rosada, ocup\u00f3 la Direcci\u00f3n Nacional de Articulaci\u00f3n y Enlace con los Ministerios P\u00fablicos dentro del Ministerio de Seguridad. Desde julio de 2016 pas\u00f3 cuatro a\u00f1os como asesora en la Direcci\u00f3n de Pol\u00edticas de G\u00e9nero de la Procuraci\u00f3n General de la Naci\u00f3n.<\/p>\n<p>&nbsp;<\/p>\n<p>Ya con <strong>Alberto Fern\u00e1ndez como presidente,<\/strong> fue nombrada como subdirectora Ejecutiva de la<strong> Agencia Nacional de Discapacidad,<\/strong> en noviembre de 2020. En marzo de 2022 renunci\u00f3 a ese puesto y lleg\u00f3 a su cargo en el <strong>Ministerio de las Mujeres, G\u00e9neros y Diversidad,<\/strong> el mismo que ahora abandona para hacerse cargo del Inadi.<\/p>\n<p>&nbsp;<\/p>\n<p>Pena sali\u00f3 del Colegio Nacional de Buenos Aires en 1993. Luego curs\u00f3<strong> estudios de periodismo en TEA<\/strong> y se<strong> recibi\u00f3 de abogada en la Universidad de Buenos Aires<\/strong>. <em><strong>\u201cActivista lesbiana feminista. Mam\u00e1 de Nina y Uma\u201d<\/strong><\/em> se define en sus redes sociales.<\/p>\n<p>&nbsp;<\/p>\n<p>Tambi\u00e9n presidi\u00f3 la Asociaci\u00f3n Civil \u201c100% Diversidad y Derechos\u201d que tiene como objetivo la promoci\u00f3n y la defensa del <em><strong>\u201creconocimiento y respeto por la libre orientaci\u00f3n sexual e identidad de g\u00e9nero de todos y todas\u201d <\/strong><\/em>seg\u00fan su p\u00e1gina web.<\/p>\n<p>&nbsp;<\/p>\n<p><em>Fuente: DIB\u00a0<\/em><\/p>\n","protected":false},"excerpt":{"rendered":"<p>La decisi\u00f3n fue oficializada a trav\u00e9s de un decreto publicado en el Bolet\u00edn Oficial.<\/p>\n","protected":false},"author":6,"featured_media":74630,"comment_status":"closed","ping_status":"closed","sticky":false,"template":"","format":"standard","meta":{"_jetpack_memberships_contains_paid_content":false,"footnotes":""},"categories":[6,1],"tags":[],"class_list":["post-74629","post","type-post","status-publish","format-standard","has-post-thumbnail","hentry","category-nacionales","category-portada"],"jetpack_featured_media_url":"https:\/\/i0.wp.com\/cdnoticias.com\/wp-content\/uploads\/2023\/01\/gretapena.jpg?fit=624%2C350&ssl=1","jetpack_sharing_enabled":true,"_links":{"self":[{"href":"https:\/\/cdnoticias.com\/index.php\/wp-json\/wp\/v2\/posts\/74629","targetHints":{"allow":["GET"]}}],"collection":[{"href":"https:\/\/cdnoticias.com\/index.php\/wp-json\/wp\/v2\/posts"}],"about":[{"href":"https:\/\/cdnoticias.com\/index.php\/wp-json\/wp\/v2\/types\/post"}],"author":[{"embeddable":true,"href":"https:\/\/cdnoticias.com\/index.php\/wp-json\/wp\/v2\/users\/6"}],"replies":[{"embeddable":true,"href":"https:\/\/cdnoticias.com\/index.php\/wp-json\/wp\/v2\/comments?post=74629"}],"version-history":[{"count":0,"href":"https:\/\/cdnoticias.com\/index.php\/wp-json\/wp\/v2\/posts\/74629\/revisions"}],"wp:featuredmedia":[{"embeddable":true,"href":"https:\/\/cdnoticias.com\/index.php\/wp-json\/wp\/v2\/media\/74630"}],"wp:attachment":[{"href":"https:\/\/cdnoticias.com\/index.php\/wp-json\/wp\/v2\/media?parent=74629"}],"wp:term":[{"taxonomy":"category","embeddable":true,"href":"https:\/\/cdnoticias.com\/index.php\/wp-json\/wp\/v2\/categories?post=74629"},{"taxonomy":"post_tag","embeddable":true,"href":"https:\/\/cdnoticias.com\/index.php\/wp-json\/wp\/v2\/tags?post=74629"}],"curies":[{"name":"wp","href":"https:\/\/api.w.org\/{rel}","templated":true}]}}