{"id":74617,"date":"2023-01-12T08:21:46","date_gmt":"2023-01-12T11:21:46","guid":{"rendered":"https:\/\/www.centraldenoticias.com.ar\/?p=74617"},"modified":"2023-01-12T08:21:46","modified_gmt":"2023-01-12T11:21:46","slug":"corsos-oficiales-2023-convocatoria-a-instituciones","status":"publish","type":"post","link":"https:\/\/cdnoticias.com\/index.php\/2023\/01\/12\/corsos-oficiales-2023-convocatoria-a-instituciones\/","title":{"rendered":"Corsos Oficiales 2023: convocatoria a instituciones"},"content":{"rendered":"<p>Ser\u00e1n los d\u00edas 10,11 y 12 de febrero. La inscripci\u00f3n ser\u00e1 hasta el viernes 27 de enero inclusive. <!--more--><\/p>\n<hr \/>\n<p>Comenz\u00f3 la <strong>convocatoria a instituciones para los Corsos Oficiales 2023<\/strong> que se desarrollar\u00e1n los d\u00edas <strong>10,11 y 12 de febrero.\u00a0<\/strong><\/p>\n<p>&nbsp;<\/p>\n<p>Se invita a\u00a0entidades de bien p\u00fablico que est\u00e9n debidamente acreditadas, clubes de madres y asociaciones cooperadoras, sociedades de fomento, juntas vecinales, agrupaciones tradicionalistas, etc., que quieran participar de los mismos con puestos de comidas, alquiler de sillas y venta de espuma.<\/p>\n<p>&nbsp;<\/p>\n<p>La <strong>inscripci\u00f3n comienza el lunes 16 y estar\u00e1 hasta el viernes 27 de enero inclusive<\/strong>,\u00a0de <strong>lunes a viernes de 8:00 a 13:00<\/strong> en la<strong> Casa de la Cultura<\/strong> ubicada en Coronel Su\u00e1rez 2924.<\/p>\n<p>&nbsp;<\/p>\n<p>Los interesados e interesadas deber\u00e1n concurrir con una <strong>nota firmada por el representante de la instituci\u00f3n<\/strong> por la cual participan, as\u00ed como tambi\u00e9n la <strong>documentaci\u00f3n<\/strong> que avale a la instituci\u00f3n. Los <strong>cupos son limitados<\/strong> y se respetar\u00e1 el orden de inscripci\u00f3n.<\/p>\n","protected":false},"excerpt":{"rendered":"<p>Ser\u00e1n los d\u00edas 10,11 y 12 de febrero. La inscripci\u00f3n ser\u00e1 hasta el viernes 27 de enero inclusive.<\/p>\n","protected":false},"author":6,"featured_media":47779,"comment_status":"closed","ping_status":"closed","sticky":false,"template":"","format":"standard","meta":{"_jetpack_memberships_contains_paid_content":false,"footnotes":""},"categories":[9,1],"tags":[],"class_list":["post-74617","post","type-post","status-publish","format-standard","has-post-thumbnail","hentry","category-cultura","category-portada"],"jetpack_featured_media_url":"https:\/\/i0.wp.com\/cdnoticias.com\/wp-content\/uploads\/2022\/03\/Corsos24-scaled.jpg?fit=2560%2C1424&ssl=1","jetpack_sharing_enabled":true,"_links":{"self":[{"href":"https:\/\/cdnoticias.com\/index.php\/wp-json\/wp\/v2\/posts\/74617","targetHints":{"allow":["GET"]}}],"collection":[{"href":"https:\/\/cdnoticias.com\/index.php\/wp-json\/wp\/v2\/posts"}],"about":[{"href":"https:\/\/cdnoticias.com\/index.php\/wp-json\/wp\/v2\/types\/post"}],"author":[{"embeddable":true,"href":"https:\/\/cdnoticias.com\/index.php\/wp-json\/wp\/v2\/users\/6"}],"replies":[{"embeddable":true,"href":"https:\/\/cdnoticias.com\/index.php\/wp-json\/wp\/v2\/comments?post=74617"}],"version-history":[{"count":0,"href":"https:\/\/cdnoticias.com\/index.php\/wp-json\/wp\/v2\/posts\/74617\/revisions"}],"wp:featuredmedia":[{"embeddable":true,"href":"https:\/\/cdnoticias.com\/index.php\/wp-json\/wp\/v2\/media\/47779"}],"wp:attachment":[{"href":"https:\/\/cdnoticias.com\/index.php\/wp-json\/wp\/v2\/media?parent=74617"}],"wp:term":[{"taxonomy":"category","embeddable":true,"href":"https:\/\/cdnoticias.com\/index.php\/wp-json\/wp\/v2\/categories?post=74617"},{"taxonomy":"post_tag","embeddable":true,"href":"https:\/\/cdnoticias.com\/index.php\/wp-json\/wp\/v2\/tags?post=74617"}],"curies":[{"name":"wp","href":"https:\/\/api.w.org\/{rel}","templated":true}]}}