{"id":74597,"date":"2023-01-11T12:52:08","date_gmt":"2023-01-11T15:52:08","guid":{"rendered":"https:\/\/www.centraldenoticias.com.ar\/?p=74597"},"modified":"2023-01-13T09:35:18","modified_gmt":"2023-01-13T12:35:18","slug":"ataques-a-piedrazos-a-colectivos-no-queremos-que-las-cosas-pasen-a-mayores","status":"publish","type":"post","link":"https:\/\/cdnoticias.com\/index.php\/2023\/01\/11\/ataques-a-piedrazos-a-colectivos-no-queremos-que-las-cosas-pasen-a-mayores\/","title":{"rendered":"Ataques a piedrazos a colectivos: \u201cno queremos que las cosas pasen a mayores\u201d"},"content":{"rendered":"<p>Lo afirm\u00f3 el delegado de la UTA en la empresa Las Sierras SRL, tras el ataque a dos unidades de la empresa en inmediaciones de barrio Bel\u00e9n. \u201cSi esto persiste vamos a tener que tomar medidas\u201d, asegur\u00f3.<!--more--><\/p>\n<hr \/>\n<p>El <strong>delegado sindical de la empresa de trasporte interurbano Las Sierras SRL, Jorge Pad\u00edn,<\/strong> emiti\u00f3 un comunicado exponiendo el<strong> ataque a dos unidades durante la jornada del martes en inmediaciones de barrio Bel\u00e9n<\/strong>, m\u00e1s precisamente sobre avenida Emiliozzi a la altura del Matadeo y del Jard\u00edn Bel\u00e9n.<\/p>\n<p>&nbsp;<\/p>\n<p>Fueron <strong>\u201cataques con piedras, rotura de vidrios con el riesgo que esto puede ocasionar tanto a los compa\u00f1eros como tambi\u00e9n a los pasajeros\u201d<\/strong>, explic\u00f3 Pad\u00edn y afirm\u00f3 en el documento que \u201c<strong>en caso que los ataques persistan dejaremos de prestar servicios por dicho sector<\/strong> sabiendo del perjuicio que se puede generar para con los pasajeros de la zona, pero no vamos a permitir que ning\u00fan compa\u00f1ero sea herido de gravedad, esperando respuesta de quienes corresponda\u201d.<\/p>\n<p>&nbsp;<\/p>\n<p>Jorge Pad\u00edn, habl\u00f3 este mi\u00e9rcoles con el programa<em> \u201cLevantate\u201d de Radio Sapiens<\/em> y explic\u00f3 que \u201cestamos trabajando normalmente, el servicio se est\u00e1 cumpliendo, lo que llamamos es a la reflexi\u00f3n a quien corresponda para que los hechos no pasen a mayores\u201d.<\/p>\n<p>&nbsp;<\/p>\n<blockquote><p>Respecto a los ataques precis\u00f3 que fueron \u201ca dos colectivos en menos de cinco minutos, el que iba para Hinojo y el que iba para Olavarr\u00eda\u201d.<\/p><\/blockquote>\n<p>&nbsp;<\/p>\n<p><img data-recalc-dims=\"1\" loading=\"lazy\" decoding=\"async\" class=\"aligncenter size-full wp-image-74598\" src=\"https:\/\/i0.wp.com\/cdnoticias.com\/wp-content\/uploads\/2023\/01\/ataque-colectivos-piedrazos02.jpg?resize=800%2C445&#038;ssl=1\" alt=\"\" width=\"800\" height=\"445\" srcset=\"https:\/\/i0.wp.com\/cdnoticias.com\/wp-content\/uploads\/2023\/01\/ataque-colectivos-piedrazos02.jpg?w=2019&amp;ssl=1 2019w, https:\/\/i0.wp.com\/cdnoticias.com\/wp-content\/uploads\/2023\/01\/ataque-colectivos-piedrazos02.jpg?resize=300%2C167&amp;ssl=1 300w, https:\/\/i0.wp.com\/cdnoticias.com\/wp-content\/uploads\/2023\/01\/ataque-colectivos-piedrazos02.jpg?resize=1024%2C570&amp;ssl=1 1024w, https:\/\/i0.wp.com\/cdnoticias.com\/wp-content\/uploads\/2023\/01\/ataque-colectivos-piedrazos02.jpg?resize=768%2C427&amp;ssl=1 768w, https:\/\/i0.wp.com\/cdnoticias.com\/wp-content\/uploads\/2023\/01\/ataque-colectivos-piedrazos02.jpg?resize=1536%2C854&amp;ssl=1 1536w, https:\/\/i0.wp.com\/cdnoticias.com\/wp-content\/uploads\/2023\/01\/ataque-colectivos-piedrazos02.jpg?resize=800%2C445&amp;ssl=1 800w, https:\/\/i0.wp.com\/cdnoticias.com\/wp-content\/uploads\/2023\/01\/ataque-colectivos-piedrazos02.jpg?w=1600&amp;ssl=1 1600w\" sizes=\"auto, (max-width: 800px) 100vw, 800px\" \/><\/p>\n<p>&nbsp;<\/p>\n<p>Asegur\u00f3 que <strong>\u201ces un hecho que se repite\u201d<\/strong> y que \u201ccuando est\u00e1bamos en la otra empresa hab\u00edamos tenido una reuni\u00f3n con la polic\u00eda y hace 20 d\u00edas le rompieron la puerta a un compa\u00f1ero y todo el vidrio cay\u00f3 sobre \u00e9l\u201d.<\/p>\n<p>&nbsp;<\/p>\n<p>Indic\u00f3 que \u201cno queremos que las cosas pasen a mayores ni que la gente se quede sin servicio, tenemos que buscarle una soluci\u00f3n. <strong>Le pedimos al municipio, a las autoridades, alguien nos tiene que dar una respuesta<\/strong>\u201d.<\/p>\n<p>&nbsp;<\/p>\n<p>Y reiter\u00f3: \u201c<strong>no es nuestra intenci\u00f3n dejar a tres o cuatro barrios sin servicio por cuatro o cinco inadaptados.<\/strong> No es el barrio, pero si esto persiste vamos a tener que tomar medidas. Siempre se hace la denuncia policial correspondiente y en el sector hay c\u00e1maras de seguridad pero las ponen y supuestamente las rompen. No s\u00e9 si funcionan\u201d.<\/p>\n<p>&nbsp;<\/p>\n","protected":false},"excerpt":{"rendered":"<p>Lo afirm\u00f3 el delegado de la UTA en la empresa Las Sierras SRL, tras el ataque a dos unidades de<\/p>\n","protected":false},"author":5,"featured_media":74599,"comment_status":"closed","ping_status":"closed","sticky":false,"template":"","format":"standard","meta":{"_jetpack_memberships_contains_paid_content":false,"footnotes":""},"categories":[5,1],"tags":[],"class_list":["post-74597","post","type-post","status-publish","format-standard","has-post-thumbnail","hentry","category-informacion-general","category-portada"],"jetpack_featured_media_url":"https:\/\/i0.wp.com\/cdnoticias.com\/wp-content\/uploads\/2023\/01\/ataque-colectivos-piedrazos01.jpg?fit=2314%2C1287&ssl=1","jetpack_sharing_enabled":true,"_links":{"self":[{"href":"https:\/\/cdnoticias.com\/index.php\/wp-json\/wp\/v2\/posts\/74597","targetHints":{"allow":["GET"]}}],"collection":[{"href":"https:\/\/cdnoticias.com\/index.php\/wp-json\/wp\/v2\/posts"}],"about":[{"href":"https:\/\/cdnoticias.com\/index.php\/wp-json\/wp\/v2\/types\/post"}],"author":[{"embeddable":true,"href":"https:\/\/cdnoticias.com\/index.php\/wp-json\/wp\/v2\/users\/5"}],"replies":[{"embeddable":true,"href":"https:\/\/cdnoticias.com\/index.php\/wp-json\/wp\/v2\/comments?post=74597"}],"version-history":[{"count":0,"href":"https:\/\/cdnoticias.com\/index.php\/wp-json\/wp\/v2\/posts\/74597\/revisions"}],"wp:featuredmedia":[{"embeddable":true,"href":"https:\/\/cdnoticias.com\/index.php\/wp-json\/wp\/v2\/media\/74599"}],"wp:attachment":[{"href":"https:\/\/cdnoticias.com\/index.php\/wp-json\/wp\/v2\/media?parent=74597"}],"wp:term":[{"taxonomy":"category","embeddable":true,"href":"https:\/\/cdnoticias.com\/index.php\/wp-json\/wp\/v2\/categories?post=74597"},{"taxonomy":"post_tag","embeddable":true,"href":"https:\/\/cdnoticias.com\/index.php\/wp-json\/wp\/v2\/tags?post=74597"}],"curies":[{"name":"wp","href":"https:\/\/api.w.org\/{rel}","templated":true}]}}