{"id":74596,"date":"2023-01-11T12:18:13","date_gmt":"2023-01-11T15:18:13","guid":{"rendered":"https:\/\/www.centraldenoticias.com.ar\/?p=74596"},"modified":"2023-01-11T12:52:21","modified_gmt":"2023-01-11T15:52:21","slug":"ciclista-herida-tras-chocar-con-una-camioneta","status":"publish","type":"post","link":"https:\/\/cdnoticias.com\/index.php\/2023\/01\/11\/ciclista-herida-tras-chocar-con-una-camioneta\/","title":{"rendered":"Ciclista herida tras chocar con una camioneta"},"content":{"rendered":"<p>El siniestro se dio en la ma\u00f1ana de este mi\u00e9rcoles en Bol\u00edvar y Saavedra. La mujer fue trasladada al Hospital Municipal.<!--more--><\/p>\n<hr \/>\n<p><strong>Una mujer result\u00f3 herida en la ma\u00f1ana de este mi\u00e9rcoles<\/strong> a ra\u00edz de un siniestro vial que se dio en el cruce de <strong>Bol\u00edvar y Saavedra.<\/strong><\/p>\n<p>&nbsp;<\/p>\n<p>Pasadas las 11<strong> una ciclista fue embestida por una camioneta VW Saveiro<\/strong>.<\/p>\n<p>&nbsp;<\/p>\n<p>A consecuencia del golpe, <strong>la v\u00edctima fue trasladada al Hospital Municipal<\/strong>. Seg\u00fan se indic\u00f3, sufri\u00f3 una lesi\u00f3n en la cadera.<\/p>\n<p>&nbsp;<\/p>\n<p>Foto:<em> En L\u00ednea Noticias<\/em><\/p>\n<p>&nbsp;<\/p>\n","protected":false},"excerpt":{"rendered":"<p>El siniestro se dio en la ma\u00f1ana de este mi\u00e9rcoles en Bol\u00edvar y Saavedra. La mujer fue trasladada al Hospital<\/p>\n","protected":false},"author":4,"featured_media":74602,"comment_status":"closed","ping_status":"closed","sticky":false,"template":"","format":"standard","meta":{"_jetpack_memberships_contains_paid_content":false,"footnotes":""},"categories":[14,1],"tags":[],"class_list":["post-74596","post","type-post","status-publish","format-standard","has-post-thumbnail","hentry","category-policiales","category-portada"],"jetpack_featured_media_url":"https:\/\/i0.wp.com\/cdnoticias.com\/wp-content\/uploads\/2023\/01\/choque-bolivar-y-saavedra.jpg?fit=800%2C445&ssl=1","jetpack_sharing_enabled":true,"_links":{"self":[{"href":"https:\/\/cdnoticias.com\/index.php\/wp-json\/wp\/v2\/posts\/74596","targetHints":{"allow":["GET"]}}],"collection":[{"href":"https:\/\/cdnoticias.com\/index.php\/wp-json\/wp\/v2\/posts"}],"about":[{"href":"https:\/\/cdnoticias.com\/index.php\/wp-json\/wp\/v2\/types\/post"}],"author":[{"embeddable":true,"href":"https:\/\/cdnoticias.com\/index.php\/wp-json\/wp\/v2\/users\/4"}],"replies":[{"embeddable":true,"href":"https:\/\/cdnoticias.com\/index.php\/wp-json\/wp\/v2\/comments?post=74596"}],"version-history":[{"count":0,"href":"https:\/\/cdnoticias.com\/index.php\/wp-json\/wp\/v2\/posts\/74596\/revisions"}],"wp:featuredmedia":[{"embeddable":true,"href":"https:\/\/cdnoticias.com\/index.php\/wp-json\/wp\/v2\/media\/74602"}],"wp:attachment":[{"href":"https:\/\/cdnoticias.com\/index.php\/wp-json\/wp\/v2\/media?parent=74596"}],"wp:term":[{"taxonomy":"category","embeddable":true,"href":"https:\/\/cdnoticias.com\/index.php\/wp-json\/wp\/v2\/categories?post=74596"},{"taxonomy":"post_tag","embeddable":true,"href":"https:\/\/cdnoticias.com\/index.php\/wp-json\/wp\/v2\/tags?post=74596"}],"curies":[{"name":"wp","href":"https:\/\/api.w.org\/{rel}","templated":true}]}}