{"id":74556,"date":"2023-01-12T17:01:21","date_gmt":"2023-01-12T20:01:21","guid":{"rendered":"https:\/\/www.centraldenoticias.com.ar\/?p=74556"},"modified":"2023-01-12T17:01:21","modified_gmt":"2023-01-12T20:01:21","slug":"se-realizara-un-ciclo-de-cine-en-el-centro-cultural-san-jose-durante-el-verano","status":"publish","type":"post","link":"https:\/\/cdnoticias.com\/index.php\/2023\/01\/12\/se-realizara-un-ciclo-de-cine-en-el-centro-cultural-san-jose-durante-el-verano\/","title":{"rendered":"Se realizar\u00e1 un ciclo de cine en el Centro Cultural San Jos\u00e9 durante el verano"},"content":{"rendered":"<p>Comenzar\u00e1 este viernes y se prolongar\u00e1 durante todo de enero y febrero a partir de las 20 horas. <!--more--><\/p>\n<hr \/>\n<p>Desde este<strong> viernes 13 de enero,<\/strong> comenzar\u00e1 en el <strong>Centro Cultural San Jos\u00e9<\/strong> un <strong>ciclo de &#8220;Cine al Aire Libre&#8221;<\/strong> que se prolongar\u00e1 <strong>durante todo enero y febrero.<\/strong><\/p>\n<p>&nbsp;<\/p>\n<p>El ciclo cuenta con la<strong> colaboraci\u00f3n de la Facultad de Ciencias Sociales y FACSO Producciones<\/strong>, y est\u00e1 integrado por<strong> producciones nacionales.<\/strong><\/p>\n<p>&nbsp;<\/p>\n<p>La actividad se desarrollar\u00e1 <strong>todos los viernes a partir de las 20 horas y ser\u00e1 con entrada libre y gratuita.<\/strong> Se recomienda llevar lona o reposera, y se indic\u00f3 que <strong>en caso de mal tiempo ser\u00e1 suspendido.<\/strong><\/p>\n<p>&nbsp;<\/p>\n<p>La <strong>primera proyecci\u00f3n<\/strong> ser\u00e1 la pel\u00edcula<em><strong> \u201cVoley\u201d<\/strong> <\/em>de Mart\u00edn Piroyansky (2014), una comedia apta para mayores de 16 a\u00f1os.<\/p>\n<p>&nbsp;<\/p>\n<p><strong>Pr\u00f3ximas pel\u00edculas<\/strong><\/p>\n<p>&nbsp;<\/p>\n<p>Viernes 20 de enero: <em><strong>\u201cSue\u00f1o de Florian\u00f3polis\u201d<\/strong> <\/em>de Ana Katz (2018) comedia\/ drama + 13 a\u00f1os.<\/p>\n<p>&nbsp;<\/p>\n<p>Viernes 27 de enero: <em><strong>\u201cUn novio para mi mujer\u201d<\/strong> <\/em>de Juan Taratuto (2008) Romance\/ Comedia ATP.<\/p>\n<p>&nbsp;<\/p>\n<p>Viernes 3 de febrero: <em><strong>\u201cPermitidos\u201d<\/strong> <\/em>de Ariel Winograd (2016) Romance\/ Comedia + 13 a\u00f1os.<\/p>\n<p>&nbsp;<\/p>\n<p>&nbsp;<\/p>\n","protected":false},"excerpt":{"rendered":"<p>Comenzar\u00e1 este viernes y se prolongar\u00e1 durante todo de enero y febrero a partir de las 20 horas.<\/p>\n","protected":false},"author":6,"featured_media":0,"comment_status":"closed","ping_status":"closed","sticky":false,"template":"","format":"standard","meta":{"_jetpack_memberships_contains_paid_content":false,"footnotes":""},"categories":[9,1],"tags":[],"class_list":["post-74556","post","type-post","status-publish","format-standard","hentry","category-cultura","category-portada"],"jetpack_featured_media_url":"","jetpack_sharing_enabled":true,"_links":{"self":[{"href":"https:\/\/cdnoticias.com\/index.php\/wp-json\/wp\/v2\/posts\/74556","targetHints":{"allow":["GET"]}}],"collection":[{"href":"https:\/\/cdnoticias.com\/index.php\/wp-json\/wp\/v2\/posts"}],"about":[{"href":"https:\/\/cdnoticias.com\/index.php\/wp-json\/wp\/v2\/types\/post"}],"author":[{"embeddable":true,"href":"https:\/\/cdnoticias.com\/index.php\/wp-json\/wp\/v2\/users\/6"}],"replies":[{"embeddable":true,"href":"https:\/\/cdnoticias.com\/index.php\/wp-json\/wp\/v2\/comments?post=74556"}],"version-history":[{"count":0,"href":"https:\/\/cdnoticias.com\/index.php\/wp-json\/wp\/v2\/posts\/74556\/revisions"}],"wp:attachment":[{"href":"https:\/\/cdnoticias.com\/index.php\/wp-json\/wp\/v2\/media?parent=74556"}],"wp:term":[{"taxonomy":"category","embeddable":true,"href":"https:\/\/cdnoticias.com\/index.php\/wp-json\/wp\/v2\/categories?post=74556"},{"taxonomy":"post_tag","embeddable":true,"href":"https:\/\/cdnoticias.com\/index.php\/wp-json\/wp\/v2\/tags?post=74556"}],"curies":[{"name":"wp","href":"https:\/\/api.w.org\/{rel}","templated":true}]}}