{"id":74525,"date":"2023-01-10T19:00:16","date_gmt":"2023-01-10T22:00:16","guid":{"rendered":"https:\/\/www.centraldenoticias.com.ar\/?p=74525"},"modified":"2023-01-10T19:00:16","modified_gmt":"2023-01-10T22:00:16","slug":"este-jueves-habra-dos-cortes-de-luz-en-las-localidades","status":"publish","type":"post","link":"https:\/\/cdnoticias.com\/index.php\/2023\/01\/10\/este-jueves-habra-dos-cortes-de-luz-en-las-localidades\/","title":{"rendered":"Este jueves habr\u00e1 dos cortes de luz en las localidades"},"content":{"rendered":"<p>Los dos ser\u00e1n por tareas de mantenimiento. <!--more--><\/p>\n<hr \/>\n<p>Desde Coopelectric se inform\u00f3 que durante la <strong>ma\u00f1ana de este jueves 12 de enero<\/strong> se llevar\u00e1n a cabo<strong> dos cortes de luz por tareas de mantenimiento.<\/strong><\/p>\n<p>&nbsp;<\/p>\n<p>El primero ser\u00e1 de <strong>05:00 a 09:00<\/strong> en las localidades de <strong>Blanca Grande y Recalde,<\/strong> mientras que el segundo corte ser\u00e1 de<strong> 07:00 a 11:00<\/strong> en el sector de <strong>Villa Laclau y sistema rural Santa Luisa<\/strong> (incluye Kochi Tue, Villa Mi Serran\u00eda, Santa Luisa, 16 de Julio, El Luchador y Dura\u00f1ona).<\/p>\n<p>&nbsp;<\/p>\n<p>Por \u00faltimo se indic\u00f3 que puede suspenderse sin las condiciones clim\u00e1ticas son adversas. En tal caso, las tareas ser\u00e1n reprogramadas.<\/p>\n","protected":false},"excerpt":{"rendered":"<p>Los dos ser\u00e1n por tareas de mantenimiento.<\/p>\n","protected":false},"author":6,"featured_media":41402,"comment_status":"closed","ping_status":"closed","sticky":false,"template":"","format":"standard","meta":{"_jetpack_memberships_contains_paid_content":false,"footnotes":""},"categories":[5,1],"tags":[],"class_list":["post-74525","post","type-post","status-publish","format-standard","has-post-thumbnail","hentry","category-informacion-general","category-portada"],"jetpack_featured_media_url":"https:\/\/i0.wp.com\/cdnoticias.com\/wp-content\/uploads\/2021\/12\/coopelectric-camion1.jpg?fit=1540%2C856&ssl=1","jetpack_sharing_enabled":true,"_links":{"self":[{"href":"https:\/\/cdnoticias.com\/index.php\/wp-json\/wp\/v2\/posts\/74525","targetHints":{"allow":["GET"]}}],"collection":[{"href":"https:\/\/cdnoticias.com\/index.php\/wp-json\/wp\/v2\/posts"}],"about":[{"href":"https:\/\/cdnoticias.com\/index.php\/wp-json\/wp\/v2\/types\/post"}],"author":[{"embeddable":true,"href":"https:\/\/cdnoticias.com\/index.php\/wp-json\/wp\/v2\/users\/6"}],"replies":[{"embeddable":true,"href":"https:\/\/cdnoticias.com\/index.php\/wp-json\/wp\/v2\/comments?post=74525"}],"version-history":[{"count":0,"href":"https:\/\/cdnoticias.com\/index.php\/wp-json\/wp\/v2\/posts\/74525\/revisions"}],"wp:featuredmedia":[{"embeddable":true,"href":"https:\/\/cdnoticias.com\/index.php\/wp-json\/wp\/v2\/media\/41402"}],"wp:attachment":[{"href":"https:\/\/cdnoticias.com\/index.php\/wp-json\/wp\/v2\/media?parent=74525"}],"wp:term":[{"taxonomy":"category","embeddable":true,"href":"https:\/\/cdnoticias.com\/index.php\/wp-json\/wp\/v2\/categories?post=74525"},{"taxonomy":"post_tag","embeddable":true,"href":"https:\/\/cdnoticias.com\/index.php\/wp-json\/wp\/v2\/tags?post=74525"}],"curies":[{"name":"wp","href":"https:\/\/api.w.org\/{rel}","templated":true}]}}