{"id":7452,"date":"2020-11-25T17:57:37","date_gmt":"2020-11-25T20:57:37","guid":{"rendered":"http:\/\/www.centraldenoticias.com.ar\/?p=7452"},"modified":"2020-11-25T17:57:37","modified_gmt":"2020-11-25T20:57:37","slug":"la-violencia-machista-y-una-alarma-para-toda-la-sociedad","status":"publish","type":"post","link":"https:\/\/cdnoticias.com\/index.php\/2020\/11\/25\/la-violencia-machista-y-una-alarma-para-toda-la-sociedad\/","title":{"rendered":"La violencia machista y una \u201calarma\u201d para toda la sociedad"},"content":{"rendered":"<p>&nbsp;<\/p>\n<p>Mar\u00eda Eugenia Iturralde, doctora en comunicaci\u00f3n e integrante del Frente Ni Una Menos, habl\u00f3 con Radio Universidad (FM 90.1) sobre el D\u00eda Internacional de la Eliminaci\u00f3n de la Violencia contra las Mujeres que se conmemora este 25 de noviembre.<!--more--><\/p>\n<hr \/>\n<p>El D\u00eda Internacional de la Eliminaci\u00f3n de la Violencia contra las Mujeres se conmemora anualmente el 25 de noviembre para <strong>denunciar la violencia que se ejerce sobre las mujeres en todo el mundo y reclamar pol\u00edticas en todos los pa\u00edses para su erradicaci\u00f3n.<\/strong><\/p>\n<p>&nbsp;<\/p>\n<p><strong>Mar\u00eda Eugenia Iturralde, doctora en comunicaci\u00f3n e integrante del Frente Ni una Menos<\/strong>, habl\u00f3 con Candelaria Moreno para Radio Universidad (FM 90.1) y destac\u00f3 el origen de la fecha que tiene su ra\u00edz en 1960, el a\u00f1o en el que fueron asesinadas la <strong>hermanas Mirabal<\/strong> (Patricia, Minerva y Mar\u00eda Teresa) en Rep\u00fablica Dominicana. En 1999, la jornada de reivindicaci\u00f3n fue asumida por la Asamblea General de las Naciones Unidas y se instaur\u00f3 a nivel internacional.<\/p>\n<p>&nbsp;<\/p>\n<p>Iturralde se\u00f1al\u00f3 que la fecha es muy importante porque adem\u00e1s de recordar a las hermanas Mirabal, lo que hace es <em>\u201cproblematizar lo que tiene que ver con el ejercicio de las violencias machistas que encuentran en el femicidio su expresi\u00f3n m\u00e1s extrema\u201d.<\/em><\/p>\n<p>&nbsp;<\/p>\n<p>Respecto al an\u00e1lisis del contexto actual en nuestra ciudad, la profesional se\u00f1al\u00f3 que como integrante de la Mesa Local contra la Violencia de G\u00e9nero <em>\u201chasta el a\u00f1o 2016 pudimos acceder a datos que entregaba la Comisar\u00eda de la Mujer\u201d.<\/em> Sin embargo, a partir de una disposici\u00f3n de Mar\u00eda Eugenia Vidal (Gobernadora en ese momento) <strong><em>\u201cno pudimos acceder m\u00e1s a ese tipo de datos\u201d.<\/em><\/strong><\/p>\n<p>&nbsp;<\/p>\n<p><iframe id=\"audio_60875855\" style=\"border: 1px solid #EEE; box-sizing: border-box; width: 100%;\" src=\"https:\/\/ar.ivoox.com\/es\/player_ej_60875855_4_1.html?c1=ff6600\" height=\"200\" frameborder=\"0\" scrolling=\"no\" allowfullscreen=\"allowfullscreen\"><\/iframe><\/p>\n<p>&nbsp;<\/p>\n<p>Esta situaci\u00f3n origin\u00f3 que, por ejemplo, <strong><em>\u201cno sabemos qu\u00e9 cantidad de denuncias se registran en la ciudad de Olavarr\u00eda\u201d<\/em><\/strong>, de esta forma <em>\u201ctampoco podemos hacer un an\u00e1lisis comparativo para saber si las denuncias han subido o bajado tanto en ASPO como en DISPO\u201d.<\/em><\/p>\n<p>&nbsp;<\/p>\n<p>Si hay acceso a datos del <strong>Observatorio Ahora que si nos ven<\/strong>\u00a0que hace un relevamiento a nivel nacional de publicaciones en medios de comunicaci\u00f3n, por lo que tambi\u00e9n es un an\u00e1lisis parcial.<\/p>\n<p>&nbsp;<\/p>\n<p>De acuerdo a estos datos <strong>se ha cometido en nuestro pa\u00eds un femicidio cada 29 horas.<\/strong> La situaci\u00f3n de pandemia ha provocado que <em>\u201cel permanecer en su casa para una mujer que vive violencia de g\u00e9nero es una situaci\u00f3n que la expone mucho m\u00e1s a ser violentada\u201d.<\/em><\/p>\n<p>&nbsp;<\/p>\n<p>La profesional detall\u00f3 que <em>\u201cen Olavarr\u00eda el \u00faltimo femicidio registrado fue en el mes de enero, pero por ejemplo, en Azul existe un femicidio en contexto de ASPO y hace una semana atr\u00e1s una ni\u00f1a de 13 a\u00f1os fue atacada por un joven de 16 a\u00f1os. La apu\u00f1al\u00f3 en la v\u00eda p\u00fablica y est\u00e1 en grave estado\u201d.<\/em><\/p>\n<p>&nbsp;<\/p>\n<blockquote><p>Esto nos tiene que poner una alarma como sociedad para ver qu\u00e9 es lo que estamos haciendo para que un joven de 16 a\u00f1os apu\u00f1ale a una ni\u00f1a de 13.<\/p><\/blockquote>\n<p>&nbsp;<\/p>\n<p><em>\u201cEsto es una problem\u00e1tica social, no tiene que ver con la individualidad de esa persona sino con una sociedad que todav\u00eda sostiene preceptos machistas que llevan a nuestros j\u00f3venes a suponer que son due\u00f1os de una mujer y ante un \u2018no\u2019 como respuesta reaccionan de modo violento. <strong>Para m\u00ed esto es un fracaso como sociedad<\/strong>\u201d<\/em>, asegur\u00f3.<\/p>\n<p>&nbsp;<\/p>\n<p><strong>Los abordajes de la problem\u00e1tica<\/strong><\/p>\n<p>&nbsp;<\/p>\n<p>Mar\u00eda Eugenia Iturralde analiz\u00f3 la problem\u00e1tica en sus diferentes aristas y afirm\u00f3 que <strong><em>\u201chay que pensar pol\u00edticas integrales\u201d<\/em><\/strong> con la inclusi\u00f3n de <em>\u201cpoderes del Estado que transversalicen la perspectiva de g\u00e9nero\u201d.<\/em><\/p>\n<p>&nbsp;<\/p>\n<blockquote><p>En un contexto de pandemia todo se complica y m\u00e1s si tenemos un Municipio con un presupuesto bastante acotado.<\/p><\/blockquote>\n<p>&nbsp;<\/p>\n<p>Resalt\u00f3 la<strong> imposibilidad del Estado de dar respuesta<\/strong> incluso a aquellas mujeres que denuncian. <em>\u201cSi esto se da en el \u00e1mbito privado y no denuncias o no lo haces visible, estamos hablando de una bomba que se puede detonar en cualquier momento\u201d<\/em>, sin embargo <em>\u201csi hablamos de una mujer que est\u00e1 pidiendo ayuda, que va a un organismo del Estado, que hace la denuncia y que despu\u00e9s ese mismo violento la aborda y le quita la vida, entiendo que estamos hablando de una problem\u00e1tica a\u00fan peor. <strong>Porque esa mujer que se anim\u00f3, que lo pudo decir, tampoco encontr\u00f3 una soluci\u00f3n a esa problem\u00e1tica<\/strong>\u201d.<\/em><\/p>\n<p>&nbsp;<\/p>\n<p>Por \u00faltimo, se\u00f1al\u00f3 que dos aspectos fundamentales: por un lado, un <strong>abordaje \u201curgente\u201d<\/strong> que tiene que ver <em>\u201ccon esta mujer que habla y que hay que administrar diferentes herramientas que le permitan salir de esa situaci\u00f3n. Muchas veces tiene que ver con la <strong>imposibilidad de tener un h\u00e1bitat<\/strong>, este contexto ha mostrado eso, incluso se instal\u00f3 una carpa frente a la Municipalidad para visibilizar esto\u201d.<\/em><\/p>\n<p>&nbsp;<\/p>\n<p>Y por otro lado,<em> \u201cla inexistencia de alg\u00fan tipo de respuesta que tiene que ver con<strong> salida laboral<\/strong>. Una mujer que no tiene casa y que no tiene trabajo es muy dif\u00edcil que pueda salir de un contexto de violencia, sobretodo porque expone a dejar sin alimento a sus hijos\u201d.<\/em><\/p>\n","protected":false},"excerpt":{"rendered":"<p>&nbsp; Mar\u00eda Eugenia Iturralde, doctora en comunicaci\u00f3n e integrante del Frente Ni Una Menos, habl\u00f3 con Radio Universidad (FM 90.1)<\/p>\n","protected":false},"author":5,"featured_media":7453,"comment_status":"closed","ping_status":"closed","sticky":false,"template":"","format":"standard","meta":{"_jetpack_memberships_contains_paid_content":false,"footnotes":""},"categories":[3,1],"tags":[],"class_list":["post-7452","post","type-post","status-publish","format-standard","has-post-thumbnail","hentry","category-genero","category-portada"],"jetpack_featured_media_url":"https:\/\/i0.wp.com\/cdnoticias.com\/wp-content\/uploads\/2020\/11\/55736568_2325973777437393_9047980334288732160_o.jpg?fit=2048%2C1365&ssl=1","jetpack_sharing_enabled":true,"_links":{"self":[{"href":"https:\/\/cdnoticias.com\/index.php\/wp-json\/wp\/v2\/posts\/7452","targetHints":{"allow":["GET"]}}],"collection":[{"href":"https:\/\/cdnoticias.com\/index.php\/wp-json\/wp\/v2\/posts"}],"about":[{"href":"https:\/\/cdnoticias.com\/index.php\/wp-json\/wp\/v2\/types\/post"}],"author":[{"embeddable":true,"href":"https:\/\/cdnoticias.com\/index.php\/wp-json\/wp\/v2\/users\/5"}],"replies":[{"embeddable":true,"href":"https:\/\/cdnoticias.com\/index.php\/wp-json\/wp\/v2\/comments?post=7452"}],"version-history":[{"count":0,"href":"https:\/\/cdnoticias.com\/index.php\/wp-json\/wp\/v2\/posts\/7452\/revisions"}],"wp:featuredmedia":[{"embeddable":true,"href":"https:\/\/cdnoticias.com\/index.php\/wp-json\/wp\/v2\/media\/7453"}],"wp:attachment":[{"href":"https:\/\/cdnoticias.com\/index.php\/wp-json\/wp\/v2\/media?parent=7452"}],"wp:term":[{"taxonomy":"category","embeddable":true,"href":"https:\/\/cdnoticias.com\/index.php\/wp-json\/wp\/v2\/categories?post=7452"},{"taxonomy":"post_tag","embeddable":true,"href":"https:\/\/cdnoticias.com\/index.php\/wp-json\/wp\/v2\/tags?post=7452"}],"curies":[{"name":"wp","href":"https:\/\/api.w.org\/{rel}","templated":true}]}}