{"id":74506,"date":"2023-01-10T12:55:38","date_gmt":"2023-01-10T15:55:38","guid":{"rendered":"https:\/\/www.centraldenoticias.com.ar\/?p=74506"},"modified":"2023-01-10T12:58:56","modified_gmt":"2023-01-10T15:58:56","slug":"francisco-ferrari-estoy-emocionado-hay-mucha-mas-gente-buena-que-gente-de-mierda","status":"publish","type":"post","link":"https:\/\/cdnoticias.com\/index.php\/2023\/01\/10\/francisco-ferrari-estoy-emocionado-hay-mucha-mas-gente-buena-que-gente-de-mierda\/","title":{"rendered":"Francisco Ferrari: \u201cEstoy emocionado, hay mucha m\u00e1s gente buena que gente de mierda\u201d"},"content":{"rendered":"<p>Uno de los periodistas despedidos habl\u00f3 la realidad de los trabajadores de prensa en El Popular. Las muestras de cari\u00f1o, el respaldo de los gremios y el futuro por conquistar. <!--more--><\/p>\n<hr \/>\n<p>Francisco Ferrari fue secretario de redacci\u00f3n de diario El Popular hasta el mes de noviembre. Durante la jornada del lunes <strong>fue despedido de la empresa tras 30 a\u00f1os con un telegrama de tan solo una l\u00ednea<\/strong> \u201cque dec\u00eda que a partir del d\u00eda de la fecha prescind\u00edan de mis servicios. Nada m\u00e1s\u201d.<\/p>\n<p>&nbsp;<\/p>\n<p><strong>Francisco Ferrari es mucho m\u00e1s que eso.<\/strong> Periodista comprometido, buen maestro, buen compa\u00f1ero, respetado por sus colegas, amigo incondicional, padre de Tom\u00e1s, radioaficionado de la primera hora. Una persona \u00edntegra, justa, con los valores que muchos pregonan, pero pocos tienen. \u00c9l si los tiene y seguramente eso le habr\u00e1 costado mucho.<\/p>\n<p>&nbsp;<\/p>\n<p>El trabajador de prensa estuvo en la<a href=\"https:\/\/cdnoticias.com\/index.php\/2023\/01\/10\/centenares-de-personas-acompanaron-a-las-trabajadoras-y-trabajadores-de-el-popular\/\" target=\"_blank\" rel=\"noopener\"> masiva manifestaci\u00f3n<\/a> que se realiz\u00f3 este martes por la ma\u00f1ana frente a El Popular y que culmin\u00f3 en el Ministerio de Trabajo, ante una nueva audiencia por el conflicto salarial que mantiene la empresa.<\/p>\n<p>&nbsp;<\/p>\n<p><img data-recalc-dims=\"1\" loading=\"lazy\" decoding=\"async\" class=\"aligncenter size-full wp-image-74478\" src=\"https:\/\/i0.wp.com\/cdnoticias.com\/wp-content\/uploads\/2023\/01\/el-popular-marcha-13.jpg?resize=800%2C445&#038;ssl=1\" alt=\"\" width=\"800\" height=\"445\" srcset=\"https:\/\/i0.wp.com\/cdnoticias.com\/wp-content\/uploads\/2023\/01\/el-popular-marcha-13.jpg?w=1600&amp;ssl=1 1600w, https:\/\/i0.wp.com\/cdnoticias.com\/wp-content\/uploads\/2023\/01\/el-popular-marcha-13.jpg?resize=300%2C167&amp;ssl=1 300w, https:\/\/i0.wp.com\/cdnoticias.com\/wp-content\/uploads\/2023\/01\/el-popular-marcha-13.jpg?resize=1024%2C570&amp;ssl=1 1024w, https:\/\/i0.wp.com\/cdnoticias.com\/wp-content\/uploads\/2023\/01\/el-popular-marcha-13.jpg?resize=768%2C427&amp;ssl=1 768w, https:\/\/i0.wp.com\/cdnoticias.com\/wp-content\/uploads\/2023\/01\/el-popular-marcha-13.jpg?resize=1536%2C854&amp;ssl=1 1536w, https:\/\/i0.wp.com\/cdnoticias.com\/wp-content\/uploads\/2023\/01\/el-popular-marcha-13.jpg?resize=800%2C445&amp;ssl=1 800w\" sizes=\"auto, (max-width: 800px) 100vw, 800px\" \/><\/p>\n<p>&nbsp;<\/p>\n<p><strong>\u201cEstoy un poco emocionado. En 30 a\u00f1os no tuve una sanci\u00f3n, un apercibimiento, un conflicto con un compa\u00f1ero o con un jefe. Si ellos consideran conflicto que yo quer\u00eda cobrar porque no me pagan desde noviembre, es otro tema\u201d<\/strong>, se\u00f1al\u00f3 en el medio de los abrazos de las personas que se acercaron a acompa\u00f1ar el reclamo.<\/p>\n<p>&nbsp;<\/p>\n<p>Valor\u00f3 \u201clas muestras de cari\u00f1o de colegas, de compa\u00f1eros, ex compa\u00f1eros y de los gremios. Y quer\u00eda remarcar lo de <strong>los gremios<\/strong> que est\u00e1n tan demonizados muchas veces, pero <strong>cuando nosotros est\u00e1bamos absolutamente solos, cuando empezamos con esto hace cuatro o cinco a\u00f1os, muchos de ellos estuvieron con nosotros<\/strong>\u201d.<\/p>\n<p>&nbsp;<\/p>\n<blockquote><p>\u201cEntiendo por qu\u00e9 los demonizan, porque son los que no dejan que te pisen cuando est\u00e1s en el suelo. Me quedo con la figura del sindicalista noble\u201d.<\/p><\/blockquote>\n<p>&nbsp;<\/p>\n<p><img data-recalc-dims=\"1\" loading=\"lazy\" decoding=\"async\" class=\"aligncenter size-full wp-image-74508\" src=\"https:\/\/i0.wp.com\/cdnoticias.com\/wp-content\/uploads\/2023\/01\/el-popular-marcha-14.jpg?resize=800%2C445&#038;ssl=1\" alt=\"\" width=\"800\" height=\"445\" srcset=\"https:\/\/i0.wp.com\/cdnoticias.com\/wp-content\/uploads\/2023\/01\/el-popular-marcha-14.jpg?w=1600&amp;ssl=1 1600w, https:\/\/i0.wp.com\/cdnoticias.com\/wp-content\/uploads\/2023\/01\/el-popular-marcha-14.jpg?resize=300%2C167&amp;ssl=1 300w, https:\/\/i0.wp.com\/cdnoticias.com\/wp-content\/uploads\/2023\/01\/el-popular-marcha-14.jpg?resize=1024%2C570&amp;ssl=1 1024w, https:\/\/i0.wp.com\/cdnoticias.com\/wp-content\/uploads\/2023\/01\/el-popular-marcha-14.jpg?resize=768%2C427&amp;ssl=1 768w, https:\/\/i0.wp.com\/cdnoticias.com\/wp-content\/uploads\/2023\/01\/el-popular-marcha-14.jpg?resize=1536%2C854&amp;ssl=1 1536w, https:\/\/i0.wp.com\/cdnoticias.com\/wp-content\/uploads\/2023\/01\/el-popular-marcha-14.jpg?resize=800%2C445&amp;ssl=1 800w\" sizes=\"auto, (max-width: 800px) 100vw, 800px\" \/><\/p>\n<p>&nbsp;<\/p>\n<p>\u201cMe da m\u00e1s orgullo ser trabajador de prensa que periodista. Destaco tambi\u00e9n el apoyo de todos los colegas. <strong>Estuvimos todo el tiempo acompa\u00f1ados y creo que puede servir para no permitir lo que nosotros dejamos avanzar ac\u00e1<\/strong>\u201d, indic\u00f3 Ferrari.<\/p>\n<p>&nbsp;<\/p>\n<p>Agradeci\u00f3 el apoyo y sostuvo que <strong>\u201cme quedo con ese amor y no con los dos o tres perversos que nos cagaron la vida todos estos a\u00f1os. Me han ofrecido trabajo, guita, comida\u2026 estoy emocionado, hay mucha m\u00e1s gente buena que gente de mierda\u201d.<\/strong><\/p>\n<p>&nbsp;<\/p>\n<p>De ahora en m\u00e1s, la vida profesional de Francisco Ferrari ser\u00e1 <strong>\u201cbuscando nuevos rumbos y haciendo Radioaficionados\u201d.<\/strong><\/p>\n","protected":false},"excerpt":{"rendered":"<p>Uno de los periodistas despedidos habl\u00f3 la realidad de los trabajadores de prensa en El Popular. Las muestras de cari\u00f1o,<\/p>\n","protected":false},"author":5,"featured_media":74488,"comment_status":"closed","ping_status":"closed","sticky":false,"template":"","format":"standard","meta":{"_jetpack_memberships_contains_paid_content":false,"footnotes":""},"categories":[5,1],"tags":[],"class_list":["post-74506","post","type-post","status-publish","format-standard","has-post-thumbnail","hentry","category-informacion-general","category-portada"],"jetpack_featured_media_url":"https:\/\/i0.wp.com\/cdnoticias.com\/wp-content\/uploads\/2023\/01\/el-popular-marcha-03.jpg?fit=1600%2C890&ssl=1","jetpack_sharing_enabled":true,"_links":{"self":[{"href":"https:\/\/cdnoticias.com\/index.php\/wp-json\/wp\/v2\/posts\/74506","targetHints":{"allow":["GET"]}}],"collection":[{"href":"https:\/\/cdnoticias.com\/index.php\/wp-json\/wp\/v2\/posts"}],"about":[{"href":"https:\/\/cdnoticias.com\/index.php\/wp-json\/wp\/v2\/types\/post"}],"author":[{"embeddable":true,"href":"https:\/\/cdnoticias.com\/index.php\/wp-json\/wp\/v2\/users\/5"}],"replies":[{"embeddable":true,"href":"https:\/\/cdnoticias.com\/index.php\/wp-json\/wp\/v2\/comments?post=74506"}],"version-history":[{"count":0,"href":"https:\/\/cdnoticias.com\/index.php\/wp-json\/wp\/v2\/posts\/74506\/revisions"}],"wp:featuredmedia":[{"embeddable":true,"href":"https:\/\/cdnoticias.com\/index.php\/wp-json\/wp\/v2\/media\/74488"}],"wp:attachment":[{"href":"https:\/\/cdnoticias.com\/index.php\/wp-json\/wp\/v2\/media?parent=74506"}],"wp:term":[{"taxonomy":"category","embeddable":true,"href":"https:\/\/cdnoticias.com\/index.php\/wp-json\/wp\/v2\/categories?post=74506"},{"taxonomy":"post_tag","embeddable":true,"href":"https:\/\/cdnoticias.com\/index.php\/wp-json\/wp\/v2\/tags?post=74506"}],"curies":[{"name":"wp","href":"https:\/\/api.w.org\/{rel}","templated":true}]}}