{"id":745,"date":"2021-06-10T16:55:45","date_gmt":"2021-06-10T19:55:45","guid":{"rendered":"http:\/\/centraldeportes.com.ar\/?p=745"},"modified":"2021-06-10T16:55:45","modified_gmt":"2021-06-10T19:55:45","slug":"la-union-de-ciclistas-y-dirigentes-chairas-se-reunieron-con-concejales-2","status":"publish","type":"post","link":"https:\/\/cdnoticias.com\/index.php\/2021\/06\/10\/la-union-de-ciclistas-y-dirigentes-chairas-se-reunieron-con-concejales-2\/","title":{"rendered":"La Uni\u00f3n de Ciclistas y dirigentes \u201cChairas\u201d se reunieron con concejales"},"content":{"rendered":"<p>Con la disputa sobre el futuro de la pista de ciclismo \u201cHumberto \u00c1ngel Corradi\u201d en el centro de la tormenta desde hace algunos d\u00edas, concejales del Bloque Frente de Todos se reunieron con la Uni\u00f3n de Ciclistas Olavarrienses y con las m\u00e1ximas autoridades de Racing Club.<!--more--><\/p>\n<hr \/>\n<p>En el centro de reuniones del CECO se llev\u00f3 a cabo el encuentro entre Guillermo Santell\u00e1n, Ubaldo Garc\u00eda y Mercedes Land\u00edvar y las dos partes implicadas en el futuro de las tierras donde actualmente se encuentra ubicada la pista \u201cHumberto \u00c1ngel Corradi\u201d.<\/p>\n<p>&nbsp;<\/p>\n<p>La reuni\u00f3n cont\u00f3 adem\u00e1s de la presencia de los concejales con Mario Di Martino en representaci\u00f3n de la UCO y con Mario Giacomaso y Roberto Ciuffetelli, presidente y vice de la entidad chaira.<\/p>\n<p>&nbsp;<\/p>\n<p>Diferentes personas consultadas por Central de Deportes coincidieron que el encuentro sirvi\u00f3 a los concejales para conocer las posturas de ambas partes y en todo momento se not\u00f3 la predisposici\u00f3n por brindar ayuda, aunque \u201c<em>la responsabilidad hoy por hoy sea del Ejecutivo<\/em>\u201d.<\/p>\n<p>&nbsp;<\/p>\n<p><img data-recalc-dims=\"1\" loading=\"lazy\" decoding=\"async\" class=\"alignnone size-full wp-image-598\" src=\"https:\/\/i0.wp.com\/centraldeportes.com.ar\/wp-content\/uploads\/2021\/05\/WhatsApp-Image-2021-05-31-at-15.56.22.jpeg?resize=800%2C445\" alt=\"\" width=\"800\" height=\"445\" \/><\/p>\n<p>&nbsp;<\/p>\n<p>Vale destacar que luego del encuentro entre la Uni\u00f3n de Ciclistas y el Municipio, se esperaba una reuni\u00f3n con los dirigentes de la entidad de la \u201cestrellita\u201d que a\u00fan no se ha concretado por lo que contin\u00faa la idea de que el 31 de agosto pr\u00f3ximo los ciclistas deban abandonar el espacio en el cual entrenan y compite desde hace alrededor de 30 a\u00f1os.<\/p>\n","protected":false},"excerpt":{"rendered":"<p>Con la disputa sobre el futuro de la pista de ciclismo \u201cHumberto \u00c1ngel Corradi\u201d en el centro de la tormenta<\/p>\n","protected":false},"author":96739695,"featured_media":758,"comment_status":"closed","ping_status":"closed","sticky":false,"template":"","format":"standard","meta":{"_jetpack_memberships_contains_paid_content":false,"footnotes":""},"categories":[30,1],"tags":[],"class_list":["post-745","post","type-post","status-publish","format-standard","has-post-thumbnail","hentry","category-polideportivo","category-portada"],"jetpack_featured_media_url":"","jetpack_sharing_enabled":true,"_links":{"self":[{"href":"https:\/\/cdnoticias.com\/index.php\/wp-json\/wp\/v2\/posts\/745","targetHints":{"allow":["GET"]}}],"collection":[{"href":"https:\/\/cdnoticias.com\/index.php\/wp-json\/wp\/v2\/posts"}],"about":[{"href":"https:\/\/cdnoticias.com\/index.php\/wp-json\/wp\/v2\/types\/post"}],"author":[{"embeddable":true,"href":"https:\/\/cdnoticias.com\/index.php\/wp-json\/wp\/v2\/users\/96739695"}],"replies":[{"embeddable":true,"href":"https:\/\/cdnoticias.com\/index.php\/wp-json\/wp\/v2\/comments?post=745"}],"version-history":[{"count":0,"href":"https:\/\/cdnoticias.com\/index.php\/wp-json\/wp\/v2\/posts\/745\/revisions"}],"wp:featuredmedia":[{"embeddable":true,"href":"https:\/\/cdnoticias.com\/index.php\/wp-json\/"}],"wp:attachment":[{"href":"https:\/\/cdnoticias.com\/index.php\/wp-json\/wp\/v2\/media?parent=745"}],"wp:term":[{"taxonomy":"category","embeddable":true,"href":"https:\/\/cdnoticias.com\/index.php\/wp-json\/wp\/v2\/categories?post=745"},{"taxonomy":"post_tag","embeddable":true,"href":"https:\/\/cdnoticias.com\/index.php\/wp-json\/wp\/v2\/tags?post=745"}],"curies":[{"name":"wp","href":"https:\/\/api.w.org\/{rel}","templated":true}]}}