{"id":7449,"date":"2020-11-25T16:58:36","date_gmt":"2020-11-25T19:58:36","guid":{"rendered":"http:\/\/www.centraldenoticias.com.ar\/?p=7449"},"modified":"2020-11-25T16:58:36","modified_gmt":"2020-11-25T19:58:36","slug":"tenes-derecho-a-una-vida-sin-violencia-podemos-ayudarte","status":"publish","type":"post","link":"https:\/\/cdnoticias.com\/index.php\/2020\/11\/25\/tenes-derecho-a-una-vida-sin-violencia-podemos-ayudarte\/","title":{"rendered":"\u201cTen\u00e9s derecho a una vida sin violencia, podemos ayudarte\u201d"},"content":{"rendered":"<p>Ese fue el mensaje emitido este mi\u00e9rcoles desde la Comisar\u00eda de la Mujer y la Familia en el marco del d\u00eda de la eliminaci\u00f3n de la violencia contra la mujer.<\/p>\n<p><!--more--><\/p>\n<hr \/>\n<p>En la jornada de este 25 de noviembre se conmemora el D\u00eda Internacional de la Eliminaci\u00f3n de la Violencia contra la Mujer, motivo por el cual<strong> desde la comisar\u00eda De la Mujer y la Familia de nuestra ciudad se emiti\u00f3 un comunicado en adhesi\u00f3n.<\/strong><\/p>\n<p>&nbsp;<\/p>\n<p><strong>\u201cTen\u00e9s derecho a una vida sin violencia, podemos ayudarte\u201d puede leerse en el centro de la imagen difundida desde la seccional policial ubicada en 9 de Julio 2652.<\/strong> Precisamente, uno de los objetivos del escrito fue difundir las l\u00edneas de comunicaci\u00f3n para ayudar a v\u00edctimas de este tipo de violencias.<\/p>\n<p>&nbsp;<\/p>\n<p>El mensaje cuenta adem\u00e1s con la menci\u00f3n a la Divisi\u00f3n Coordinaci\u00f3n Zonal de Pol\u00edtica de G\u00e9nero Azul, adem\u00e1s de <strong>las l\u00edneas telef\u00f3nicas 2284 480100 y la l\u00ednea nacional 144<\/strong>.<\/p>\n<p>&nbsp;<\/p>\n<p>&nbsp;<\/p>\n","protected":false},"excerpt":{"rendered":"<p>Ese fue el mensaje emitido este mi\u00e9rcoles desde la Comisar\u00eda de la Mujer y la Familia en el marco del<\/p>\n","protected":false},"author":3,"featured_media":7450,"comment_status":"closed","ping_status":"closed","sticky":false,"template":"","format":"standard","meta":{"_jetpack_memberships_contains_paid_content":false,"footnotes":""},"categories":[5],"tags":[],"class_list":["post-7449","post","type-post","status-publish","format-standard","has-post-thumbnail","hentry","category-informacion-general"],"jetpack_featured_media_url":"https:\/\/i0.wp.com\/cdnoticias.com\/wp-content\/uploads\/2020\/11\/genero.jpg?fit=1017%2C581&ssl=1","jetpack_sharing_enabled":true,"_links":{"self":[{"href":"https:\/\/cdnoticias.com\/index.php\/wp-json\/wp\/v2\/posts\/7449","targetHints":{"allow":["GET"]}}],"collection":[{"href":"https:\/\/cdnoticias.com\/index.php\/wp-json\/wp\/v2\/posts"}],"about":[{"href":"https:\/\/cdnoticias.com\/index.php\/wp-json\/wp\/v2\/types\/post"}],"author":[{"embeddable":true,"href":"https:\/\/cdnoticias.com\/index.php\/wp-json\/wp\/v2\/users\/3"}],"replies":[{"embeddable":true,"href":"https:\/\/cdnoticias.com\/index.php\/wp-json\/wp\/v2\/comments?post=7449"}],"version-history":[{"count":0,"href":"https:\/\/cdnoticias.com\/index.php\/wp-json\/wp\/v2\/posts\/7449\/revisions"}],"wp:featuredmedia":[{"embeddable":true,"href":"https:\/\/cdnoticias.com\/index.php\/wp-json\/wp\/v2\/media\/7450"}],"wp:attachment":[{"href":"https:\/\/cdnoticias.com\/index.php\/wp-json\/wp\/v2\/media?parent=7449"}],"wp:term":[{"taxonomy":"category","embeddable":true,"href":"https:\/\/cdnoticias.com\/index.php\/wp-json\/wp\/v2\/categories?post=7449"},{"taxonomy":"post_tag","embeddable":true,"href":"https:\/\/cdnoticias.com\/index.php\/wp-json\/wp\/v2\/tags?post=7449"}],"curies":[{"name":"wp","href":"https:\/\/api.w.org\/{rel}","templated":true}]}}