{"id":74467,"date":"2023-01-10T17:00:31","date_gmt":"2023-01-10T20:00:31","guid":{"rendered":"https:\/\/www.centraldenoticias.com.ar\/?p=74467"},"modified":"2023-01-10T18:12:28","modified_gmt":"2023-01-10T21:12:28","slug":"engano-en-la-bonsifest-anunciaron-a-yerba-brava-pero-la-banda-nego-haber-actuado","status":"publish","type":"post","link":"https:\/\/cdnoticias.com\/index.php\/2023\/01\/10\/engano-en-la-bonsifest-anunciaron-a-yerba-brava-pero-la-banda-nego-haber-actuado\/","title":{"rendered":"\u00bfEnga\u00f1o en la Bonsifest? Anunciaron a \u201cYerba Brava\u201d, pero la banda neg\u00f3 haber actuado"},"content":{"rendered":"<p>Decenas de asistentes descontentos se expresaron con quejas y pidieron aclaraciones. \u201cFueron unos truchos. Bonsifest hacete cargo\u201d dijo la banda en sus redes.<\/p>\n<p><!--more--><\/p>\n<hr \/>\n<p>La situaci\u00f3n es ins\u00f3lita<strong>: la \u00faltima edici\u00f3n de la Bonsifest qued\u00f3 cuestionada<\/strong> por un aparente enga\u00f1o a los asistentes acerca de <strong>qu\u00e9 banda se present\u00f3 en el evento<\/strong> que tuvo lugar en el Club Estudiantes el fin de semana pasado.<\/p>\n<p>&nbsp;<\/p>\n<p>Estaba anunciada la actuaci\u00f3n de<strong> \u201cYerba brava\u201d<\/strong> como show principal, pero <strong>en sus cuentas oficiales en redes la banda neg\u00f3 haberse presentado<\/strong>.<\/p>\n<p>&nbsp;<\/p>\n<blockquote><p>\u201cNosotros no estuvimos el s\u00e1bado en Olavarr\u00eda, disculpen toda la gente que nos est\u00e1n enviando mensajes preguntando si \u00e9ramos nosotros. Lamentablemente fueron unos truchos. Bonsifest hacete cargo\u201d explicaron en respuesta a las consultas recibidas.<\/p><\/blockquote>\n<p>&nbsp;<\/p>\n<p>En ese sentido, mostraron algunos de los mensajes que recibieron donde <strong>los asistentes aseguraron que fueron \u201cenga\u00f1ados\u201d y \u201cestafados\u201d<\/strong> puesto que nunca se aclar\u00f3 que la actuaci\u00f3n principal era de otro grupo.<\/p>\n<p>&nbsp;<\/p>\n<p>Seg\u00fan se pudo saber, <strong>fue \u201cLa aut\u00e9ntica yerba\u201d quienes se presentaron en la fiesta<\/strong> que, cabe recordar <a href=\"https:\/\/cdnoticias.com\/index.php\/2022\/12\/18\/se-suspendio-la-bonsi-por-un-accidente-laboral\/\" target=\"_blank\" rel=\"noopener\">fue reprogramada debido al accidente que sufri\u00f3 un trabajador<\/a> en el armado de estructuras el d\u00eda 18 de diciembre.<\/p>\n<p>&nbsp;<\/p>\n<p>&nbsp;<\/p>\n","protected":false},"excerpt":{"rendered":"<p>Decenas de asistentes descontentos se expresaron con quejas y pidieron aclaraciones. \u201cFueron unos truchos. Bonsifest hacete cargo\u201d dijo la banda<\/p>\n","protected":false},"author":4,"featured_media":74475,"comment_status":"closed","ping_status":"closed","sticky":false,"template":"","format":"standard","meta":{"_jetpack_memberships_contains_paid_content":false,"footnotes":""},"categories":[5,1],"tags":[],"class_list":["post-74467","post","type-post","status-publish","format-standard","has-post-thumbnail","hentry","category-informacion-general","category-portada"],"jetpack_featured_media_url":"https:\/\/i0.wp.com\/cdnoticias.com\/wp-content\/uploads\/2023\/01\/capturas-yerbabrava-01.jpg?fit=1412%2C785&ssl=1","jetpack_sharing_enabled":true,"_links":{"self":[{"href":"https:\/\/cdnoticias.com\/index.php\/wp-json\/wp\/v2\/posts\/74467","targetHints":{"allow":["GET"]}}],"collection":[{"href":"https:\/\/cdnoticias.com\/index.php\/wp-json\/wp\/v2\/posts"}],"about":[{"href":"https:\/\/cdnoticias.com\/index.php\/wp-json\/wp\/v2\/types\/post"}],"author":[{"embeddable":true,"href":"https:\/\/cdnoticias.com\/index.php\/wp-json\/wp\/v2\/users\/4"}],"replies":[{"embeddable":true,"href":"https:\/\/cdnoticias.com\/index.php\/wp-json\/wp\/v2\/comments?post=74467"}],"version-history":[{"count":0,"href":"https:\/\/cdnoticias.com\/index.php\/wp-json\/wp\/v2\/posts\/74467\/revisions"}],"wp:featuredmedia":[{"embeddable":true,"href":"https:\/\/cdnoticias.com\/index.php\/wp-json\/wp\/v2\/media\/74475"}],"wp:attachment":[{"href":"https:\/\/cdnoticias.com\/index.php\/wp-json\/wp\/v2\/media?parent=74467"}],"wp:term":[{"taxonomy":"category","embeddable":true,"href":"https:\/\/cdnoticias.com\/index.php\/wp-json\/wp\/v2\/categories?post=74467"},{"taxonomy":"post_tag","embeddable":true,"href":"https:\/\/cdnoticias.com\/index.php\/wp-json\/wp\/v2\/tags?post=74467"}],"curies":[{"name":"wp","href":"https:\/\/api.w.org\/{rel}","templated":true}]}}