{"id":74399,"date":"2023-01-09T09:43:48","date_gmt":"2023-01-09T12:43:48","guid":{"rendered":"https:\/\/www.centraldenoticias.com.ar\/?p=74399"},"modified":"2023-01-09T11:48:43","modified_gmt":"2023-01-09T14:48:43","slug":"el-martes-habra-dos-cortes-de-luz-programados-en-la-ciudad","status":"publish","type":"post","link":"https:\/\/cdnoticias.com\/index.php\/2023\/01\/09\/el-martes-habra-dos-cortes-de-luz-programados-en-la-ciudad\/","title":{"rendered":"El martes habr\u00e1 dos cortes de luz programados en la ciudad"},"content":{"rendered":"<p>Ser\u00e1 durante la ma\u00f1ana para realizar tareas de mantenimiento de la red.<!--more--><\/p>\n<hr \/>\n<p>Desde Coopelectric se inform\u00f3 que este <strong>martes 10 de enero<\/strong> se producir\u00e1n dos cortes de energ\u00eda el\u00e9ctrica en distintos sectores de la ciudad.<\/p>\n<p>&nbsp;<\/p>\n<p>El primero ser\u00e1 en el horario de <strong>7:00 a 8:30<\/strong> en el sector comprendido por <strong>Rivadavia, avenida Del Valle, Lamadrid y Las Heras.<\/strong><\/p>\n<p>&nbsp;<\/p>\n<p>El segundo, se producir\u00e1 en el horario de 9:00 a 10:30 en el sector comprendido por Moreno, avenida Sarmiento, Espa\u00f1a y L\u00edbano.<\/p>\n<p>&nbsp;<\/p>\n<p><img data-recalc-dims=\"1\" loading=\"lazy\" decoding=\"async\" class=\"aligncenter size-full wp-image-74406\" src=\"https:\/\/i0.wp.com\/cdnoticias.com\/wp-content\/uploads\/2023\/01\/corte-de-luz-mariano-moreno.jpg?resize=800%2C445&#038;ssl=1\" alt=\"\" width=\"800\" height=\"445\" srcset=\"https:\/\/i0.wp.com\/cdnoticias.com\/wp-content\/uploads\/2023\/01\/corte-de-luz-mariano-moreno.jpg?w=800&amp;ssl=1 800w, https:\/\/i0.wp.com\/cdnoticias.com\/wp-content\/uploads\/2023\/01\/corte-de-luz-mariano-moreno.jpg?resize=300%2C167&amp;ssl=1 300w, https:\/\/i0.wp.com\/cdnoticias.com\/wp-content\/uploads\/2023\/01\/corte-de-luz-mariano-moreno.jpg?resize=768%2C427&amp;ssl=1 768w\" sizes=\"auto, (max-width: 800px) 100vw, 800px\" \/><\/p>\n<p>&nbsp;<\/p>\n<p>Seg\u00fan se indic\u00f3, se realizar\u00e1n tareas de <strong>mantenimiento de la red<\/strong>. Puede suspenderse si las condiciones clim\u00e1ticas son adversas.<\/p>\n","protected":false},"excerpt":{"rendered":"<p>Ser\u00e1 durante la ma\u00f1ana para realizar tareas de mantenimiento de la red.<\/p>\n","protected":false},"author":5,"featured_media":74405,"comment_status":"closed","ping_status":"closed","sticky":false,"template":"","format":"standard","meta":{"_jetpack_memberships_contains_paid_content":false,"footnotes":""},"categories":[5,1],"tags":[],"class_list":["post-74399","post","type-post","status-publish","format-standard","has-post-thumbnail","hentry","category-informacion-general","category-portada"],"jetpack_featured_media_url":"https:\/\/i0.wp.com\/cdnoticias.com\/wp-content\/uploads\/2023\/01\/corte-de-luz-san-vicente.jpg?fit=800%2C446&ssl=1","jetpack_sharing_enabled":true,"_links":{"self":[{"href":"https:\/\/cdnoticias.com\/index.php\/wp-json\/wp\/v2\/posts\/74399","targetHints":{"allow":["GET"]}}],"collection":[{"href":"https:\/\/cdnoticias.com\/index.php\/wp-json\/wp\/v2\/posts"}],"about":[{"href":"https:\/\/cdnoticias.com\/index.php\/wp-json\/wp\/v2\/types\/post"}],"author":[{"embeddable":true,"href":"https:\/\/cdnoticias.com\/index.php\/wp-json\/wp\/v2\/users\/5"}],"replies":[{"embeddable":true,"href":"https:\/\/cdnoticias.com\/index.php\/wp-json\/wp\/v2\/comments?post=74399"}],"version-history":[{"count":0,"href":"https:\/\/cdnoticias.com\/index.php\/wp-json\/wp\/v2\/posts\/74399\/revisions"}],"wp:featuredmedia":[{"embeddable":true,"href":"https:\/\/cdnoticias.com\/index.php\/wp-json\/wp\/v2\/media\/74405"}],"wp:attachment":[{"href":"https:\/\/cdnoticias.com\/index.php\/wp-json\/wp\/v2\/media?parent=74399"}],"wp:term":[{"taxonomy":"category","embeddable":true,"href":"https:\/\/cdnoticias.com\/index.php\/wp-json\/wp\/v2\/categories?post=74399"},{"taxonomy":"post_tag","embeddable":true,"href":"https:\/\/cdnoticias.com\/index.php\/wp-json\/wp\/v2\/tags?post=74399"}],"curies":[{"name":"wp","href":"https:\/\/api.w.org\/{rel}","templated":true}]}}