{"id":74372,"date":"2023-01-08T17:14:41","date_gmt":"2023-01-08T20:14:41","guid":{"rendered":"https:\/\/www.centraldenoticias.com.ar\/?p=74372"},"modified":"2023-01-08T19:46:24","modified_gmt":"2023-01-08T22:46:24","slug":"marcelo-kehler-resisti-hasta-donde-pude","status":"publish","type":"post","link":"https:\/\/cdnoticias.com\/index.php\/2023\/01\/08\/marcelo-kehler-resisti-hasta-donde-pude\/","title":{"rendered":"Marcelo Kehler: \u201cResist\u00ed hasta donde pude\u201d"},"content":{"rendered":"<p>En medio del conflicto salarial que atraviesa un grupo de empleados de El Popular Medios, el reconocido fot\u00f3grafo habl\u00f3 de su \u201cexpulsi\u00f3n\u201d, describi\u00f3 la pasi\u00f3n por su tarea y las condiciones actuales de trabajo.<\/p>\n<hr \/>\n<p><!--more--><\/p>\n<p><strong>\u201cMe voy, no porque sea mi deseo, me voy junto a otros porque nos est\u00e1n expulsando, algunos ya tomaron el camino del retiro, yo resist\u00ed hasta donde pude, pero mi familia y mi salud apresuraron esta decisi\u00f3n\u201d,<\/strong> escribi\u00f3 el hist\u00f3rico fot\u00f3grafo <strong>Marcelo Kehler<\/strong> en un posteo que r\u00e1pidamente cosech\u00f3 el reconocimiento de cientos de personas.<\/p>\n<p>&nbsp;<\/p>\n<p>Con palabras justas y cargadas de historia, repas\u00f3 sus comienzos en el diario Tribuna, el ingreso a El Popular con tan solo 17 a\u00f1os, sus maestros, compa\u00f1eros de trabajo y de lucha. Record\u00f3 el prestigio que supo tener el diario gracias al respeto y reconocimiento que cosecharon sus trabajadores.<\/p>\n<p>&nbsp;<\/p>\n<p>Tambi\u00e9n, describi\u00f3 lo que siente el grupo de trabajadores y trabajadoras que hace meses soportan el incumplimiento de la patronal y son empujados a irse:<strong> \u201cconoc\u00ed la perversidad, la maldad, el destrato, la falta de respeto, la traici\u00f3n y la destrucci\u00f3n del prestigio que a\u00fan le quedaba al diario de la ciudad\u201d<\/strong>.<\/p>\n<p>&nbsp;<\/p>\n<p>\u201cNo s\u00e9 de qu\u00e9 voy a vivir, a\u00fan no tengo trabajo y me cuesta mucho imaginarme sin una c\u00e1mara colgada de mi cuello\u201d, se\u00f1al\u00f3 Kehler. Si queda algo de justicia entre tanta destrucci\u00f3n, muy pronto te cruzaremos en alguna cobertura.<\/p>\n<p>&nbsp;<\/p>\n<p>Desde<em> Central de Noticias<\/em>, te abrazamos como <strong>ejemplo de respeto por la profesi\u00f3n, buen colega, compa\u00f1ero y amigo.<\/strong> Hasta la pr\u00f3xima foto.<\/p>\n<p>&nbsp;<\/p>\n<p><iframe loading=\"lazy\" style=\"border: none; overflow: hidden;\" src=\"https:\/\/www.facebook.com\/plugins\/post.php?href=https%3A%2F%2Fwww.facebook.com%2Fpermalink.php%3Fstory_fbid%3Dpfbid02JyGh7mXaAeGPHJYoHUDQfcP6bZWGdVgKq3pqQfueUMjmKRNqPkbom7KyS6Csw9yzl%26id%3D100010027427870&amp;show_text=true&amp;width=500\" width=\"500\" height=\"591\" frameborder=\"0\" scrolling=\"no\" allowfullscreen=\"allowfullscreen\"><\/iframe><\/p>\n","protected":false},"excerpt":{"rendered":"<p>En medio del conflicto salarial que atraviesa un grupo de empleados de El Popular Medios, el reconocido fot\u00f3grafo habl\u00f3 de<\/p>\n","protected":false},"author":5,"featured_media":74373,"comment_status":"closed","ping_status":"closed","sticky":false,"template":"","format":"standard","meta":{"_jetpack_memberships_contains_paid_content":false,"footnotes":""},"categories":[5,1],"tags":[],"class_list":["post-74372","post","type-post","status-publish","format-standard","has-post-thumbnail","hentry","category-informacion-general","category-portada"],"jetpack_featured_media_url":"https:\/\/i0.wp.com\/cdnoticias.com\/wp-content\/uploads\/2023\/01\/marcelo-kehler.jpg?fit=720%2C516&ssl=1","jetpack_sharing_enabled":true,"_links":{"self":[{"href":"https:\/\/cdnoticias.com\/index.php\/wp-json\/wp\/v2\/posts\/74372","targetHints":{"allow":["GET"]}}],"collection":[{"href":"https:\/\/cdnoticias.com\/index.php\/wp-json\/wp\/v2\/posts"}],"about":[{"href":"https:\/\/cdnoticias.com\/index.php\/wp-json\/wp\/v2\/types\/post"}],"author":[{"embeddable":true,"href":"https:\/\/cdnoticias.com\/index.php\/wp-json\/wp\/v2\/users\/5"}],"replies":[{"embeddable":true,"href":"https:\/\/cdnoticias.com\/index.php\/wp-json\/wp\/v2\/comments?post=74372"}],"version-history":[{"count":0,"href":"https:\/\/cdnoticias.com\/index.php\/wp-json\/wp\/v2\/posts\/74372\/revisions"}],"wp:featuredmedia":[{"embeddable":true,"href":"https:\/\/cdnoticias.com\/index.php\/wp-json\/wp\/v2\/media\/74373"}],"wp:attachment":[{"href":"https:\/\/cdnoticias.com\/index.php\/wp-json\/wp\/v2\/media?parent=74372"}],"wp:term":[{"taxonomy":"category","embeddable":true,"href":"https:\/\/cdnoticias.com\/index.php\/wp-json\/wp\/v2\/categories?post=74372"},{"taxonomy":"post_tag","embeddable":true,"href":"https:\/\/cdnoticias.com\/index.php\/wp-json\/wp\/v2\/tags?post=74372"}],"curies":[{"name":"wp","href":"https:\/\/api.w.org\/{rel}","templated":true}]}}