{"id":74370,"date":"2023-01-08T13:38:56","date_gmt":"2023-01-08T16:38:56","guid":{"rendered":"https:\/\/www.centraldenoticias.com.ar\/?p=74370"},"modified":"2023-01-08T13:38:56","modified_gmt":"2023-01-08T16:38:56","slug":"stella-maris-contreras-de-ponce-q-e-p-d","status":"publish","type":"post","link":"https:\/\/cdnoticias.com\/index.php\/2023\/01\/08\/stella-maris-contreras-de-ponce-q-e-p-d\/","title":{"rendered":"Stella Maris Contreras de Ponce (Q.E.P.D.)"},"content":{"rendered":"<p>Falleci\u00f3 en Olavarr\u00eda el 8 de enero de 2023 a los 77 a\u00f1os de edad. Su esposo \u00c1ngel Ponce. Sus hijos Carlos y Gladys Newberry; Natalia, Dami\u00e1n y Ezequiel Ponce. Sus hijos pol\u00edticos Oscar Bianco y Alejandra Santiago. Sus nietos Joaqu\u00edn y Xavier Aizcorbe, Ingrid Ayl\u00e9n Bar\u00f3n; Agostina Coronel; Mateo Ponce; Lilian Fern\u00e1ndez; Romina, Mariela, Josu\u00e9 y Martin Bianco. Sus nietos pol\u00edticos. Sus bisnietos. Su hermana Mirta Contreras. Su prima Marisa, Ra\u00fal, Daniel y Contreras. Sus hermanos pol\u00edticos. Sus sobrinos y dem\u00e1s deudos participan su fallecimiento.<\/p>\n<p>&nbsp;<\/p>\n<p>Sus restos ser\u00e1n velados en Espa\u00f1a 2942 departamento &#8220;D&#8221; y ser\u00e1n inhumado en el cementerio Loma de Paz, este lunes 9 de enero a las 10:30, previo responso en la capilla ardiente. Servicio adherido a Coopelectric. Vecina de Sierra Chica. Nacida en Tapalqu\u00e9. Jubilada.<\/p>\n","protected":false},"excerpt":{"rendered":"<p>Falleci\u00f3 en Olavarr\u00eda el 8 de enero de 2023 a los 77 a\u00f1os de edad. Su esposo \u00c1ngel Ponce. Sus<\/p>\n","protected":false},"author":5,"featured_media":67646,"comment_status":"closed","ping_status":"closed","sticky":false,"template":"","format":"standard","meta":{"_jetpack_memberships_contains_paid_content":false,"footnotes":""},"categories":[10],"tags":[],"class_list":["post-74370","post","type-post","status-publish","format-standard","has-post-thumbnail","hentry","category-necrologicas"],"jetpack_featured_media_url":"https:\/\/i0.wp.com\/cdnoticias.com\/wp-content\/uploads\/2022\/10\/necrologicas-390-x-240.jpg?fit=390%2C240&ssl=1","jetpack_sharing_enabled":true,"_links":{"self":[{"href":"https:\/\/cdnoticias.com\/index.php\/wp-json\/wp\/v2\/posts\/74370","targetHints":{"allow":["GET"]}}],"collection":[{"href":"https:\/\/cdnoticias.com\/index.php\/wp-json\/wp\/v2\/posts"}],"about":[{"href":"https:\/\/cdnoticias.com\/index.php\/wp-json\/wp\/v2\/types\/post"}],"author":[{"embeddable":true,"href":"https:\/\/cdnoticias.com\/index.php\/wp-json\/wp\/v2\/users\/5"}],"replies":[{"embeddable":true,"href":"https:\/\/cdnoticias.com\/index.php\/wp-json\/wp\/v2\/comments?post=74370"}],"version-history":[{"count":0,"href":"https:\/\/cdnoticias.com\/index.php\/wp-json\/wp\/v2\/posts\/74370\/revisions"}],"wp:featuredmedia":[{"embeddable":true,"href":"https:\/\/cdnoticias.com\/index.php\/wp-json\/wp\/v2\/media\/67646"}],"wp:attachment":[{"href":"https:\/\/cdnoticias.com\/index.php\/wp-json\/wp\/v2\/media?parent=74370"}],"wp:term":[{"taxonomy":"category","embeddable":true,"href":"https:\/\/cdnoticias.com\/index.php\/wp-json\/wp\/v2\/categories?post=74370"},{"taxonomy":"post_tag","embeddable":true,"href":"https:\/\/cdnoticias.com\/index.php\/wp-json\/wp\/v2\/tags?post=74370"}],"curies":[{"name":"wp","href":"https:\/\/api.w.org\/{rel}","templated":true}]}}