{"id":74368,"date":"2023-01-08T11:42:46","date_gmt":"2023-01-08T14:42:46","guid":{"rendered":"https:\/\/www.centraldenoticias.com.ar\/?p=74368"},"modified":"2023-01-08T17:15:11","modified_gmt":"2023-01-08T20:15:11","slug":"la-ola-de-calor-no-da-tregua-y-se-mantiene-la-alerta-amarilla-para-olavarria","status":"publish","type":"post","link":"https:\/\/cdnoticias.com\/index.php\/2023\/01\/08\/la-ola-de-calor-no-da-tregua-y-se-mantiene-la-alerta-amarilla-para-olavarria\/","title":{"rendered":"La ola de calor no da tregua y se mantiene la alerta amarilla para Olavarr\u00eda"},"content":{"rendered":"<p>Entre domingo y martes las temperaturas m\u00e1ximas oscilar\u00e1n entre los 33 y los 35 grados. El mi\u00e9rcoles llegar\u00edan las lluvias, pero seguir\u00e1 el calor.<!--more--><\/p>\n<hr \/>\n<p>Es verano, es enero, pero es tambi\u00e9n uno de los temas de los que se habla: la ola de calor.<strong> Con temperaturas que superan los 30 grados a diario, el domingo no es la excepci\u00f3n y se mantiene la alerta amarilla por altas temperaturas para Olavarr\u00eda.<\/strong><\/p>\n<p>&nbsp;<\/p>\n<p>Con una<strong> alerta naranja en el norte de Bah\u00eda Blanca y ciudades como Coronel Pringles, Coronel Su\u00e1rez, Saavedra y Tornquist<\/strong>, Olavarr\u00eda al momento se mantiene en un nivel m\u00e1s leve aunque dicha situaci\u00f3n <em>\u201cpueden ser peligrosa, sobre todo para los grupos de riesgo, como ni\u00f1os y ni\u00f1as, personas mayores de 65 a\u00f1os, con enfermedades cr\u00f3nicas\u201d.<\/em><\/p>\n<p>&nbsp;<\/p>\n<blockquote><p>En lo concreto, para el domingo se esperan 34 grados de m\u00e1xima, con vientos moderados y r\u00e1fagas que podr\u00edan alcanzar los 50 km\/h. El lunes la m\u00e1xima ser\u00e1 de 33 grados con un d\u00eda parcialmente nublado pero con un calor que no aflojar\u00e1.<\/p><\/blockquote>\n<p>&nbsp;<\/p>\n<p><strong>El martes ser\u00e1 uno de los d\u00edas m\u00e1s complejos de esta ola de calor, con una m\u00e1xima de 35 grados y una m\u00ednima de 22. Las lluvias llegar\u00e1n el mi\u00e9rcoles, pero solo ser\u00e1 un peque\u00f1o alivio de unas horas<\/strong> dado que las temperaturas siguen estimadas para m\u00e1s de 30 grados en los pr\u00f3ximos d\u00edas.<\/p>\n<p>&nbsp;<\/p>\n<p>A hidratarse y resguardarse del sol lo m\u00e1ximo posible.<\/p>\n","protected":false},"excerpt":{"rendered":"<p>Entre domingo y martes las temperaturas m\u00e1ximas oscilar\u00e1n entre los 33 y los 35 grados. El mi\u00e9rcoles llegar\u00edan las lluvias,<\/p>\n","protected":false},"author":2,"featured_media":11880,"comment_status":"closed","ping_status":"closed","sticky":false,"template":"","format":"standard","meta":{"_jetpack_memberships_contains_paid_content":false,"footnotes":""},"categories":[5,1],"tags":[],"class_list":["post-74368","post","type-post","status-publish","format-standard","has-post-thumbnail","hentry","category-informacion-general","category-portada"],"jetpack_featured_media_url":"https:\/\/i0.wp.com\/cdnoticias.com\/wp-content\/uploads\/2021\/01\/olavarria-1.jpg?fit=755%2C450&ssl=1","jetpack_sharing_enabled":true,"_links":{"self":[{"href":"https:\/\/cdnoticias.com\/index.php\/wp-json\/wp\/v2\/posts\/74368","targetHints":{"allow":["GET"]}}],"collection":[{"href":"https:\/\/cdnoticias.com\/index.php\/wp-json\/wp\/v2\/posts"}],"about":[{"href":"https:\/\/cdnoticias.com\/index.php\/wp-json\/wp\/v2\/types\/post"}],"author":[{"embeddable":true,"href":"https:\/\/cdnoticias.com\/index.php\/wp-json\/wp\/v2\/users\/2"}],"replies":[{"embeddable":true,"href":"https:\/\/cdnoticias.com\/index.php\/wp-json\/wp\/v2\/comments?post=74368"}],"version-history":[{"count":0,"href":"https:\/\/cdnoticias.com\/index.php\/wp-json\/wp\/v2\/posts\/74368\/revisions"}],"wp:featuredmedia":[{"embeddable":true,"href":"https:\/\/cdnoticias.com\/index.php\/wp-json\/wp\/v2\/media\/11880"}],"wp:attachment":[{"href":"https:\/\/cdnoticias.com\/index.php\/wp-json\/wp\/v2\/media?parent=74368"}],"wp:term":[{"taxonomy":"category","embeddable":true,"href":"https:\/\/cdnoticias.com\/index.php\/wp-json\/wp\/v2\/categories?post=74368"},{"taxonomy":"post_tag","embeddable":true,"href":"https:\/\/cdnoticias.com\/index.php\/wp-json\/wp\/v2\/tags?post=74368"}],"curies":[{"name":"wp","href":"https:\/\/api.w.org\/{rel}","templated":true}]}}