{"id":74350,"date":"2023-01-07T21:13:48","date_gmt":"2023-01-08T00:13:48","guid":{"rendered":"https:\/\/www.centraldenoticias.com.ar\/?p=74350"},"modified":"2023-01-08T09:06:54","modified_gmt":"2023-01-08T12:06:54","slug":"un-olavarriense-de-41-anos-murio-en-fatal-accidente-en-cercanias-de-libano","status":"publish","type":"post","link":"https:\/\/cdnoticias.com\/index.php\/2023\/01\/07\/un-olavarriense-de-41-anos-murio-en-fatal-accidente-en-cercanias-de-libano\/","title":{"rendered":"Un olavarriense de 41 a\u00f1os muri\u00f3 en fatal accidente en cercan\u00edas de L\u00edbano"},"content":{"rendered":"<p>Fue en la tarde de este s\u00e1bado. Choc\u00f3 con una camioneta Chevrolet S10 contra un equipo de chacra y luego volc\u00f3 a la vera del camino. <!--more--><\/p>\n<hr \/>\n<p>En la tarde de este s\u00e1bado, <strong>un olavarriense de 41 a\u00f1os muri\u00f3 tras un impactante accidente contra un equipo de chacra en Ruta 76, zona de L\u00edbano.<\/strong><\/p>\n<p>&nbsp;<\/p>\n<p>Seg\u00fan se logr\u00f3 saber por testigos y fuentes oficiales es que <strong>la camioneta, una Chevrolet S10, impact\u00f3 de frente contra una casilla de un equipo de chacra, se despist\u00f3 y volc\u00f3 de forma violenta a la vera del camino.<\/strong><\/p>\n<p>&nbsp;<\/p>\n<p><img data-recalc-dims=\"1\" loading=\"lazy\" decoding=\"async\" class=\"alignnone size-large wp-image-74352\" src=\"https:\/\/i0.wp.com\/cdnoticias.com\/wp-content\/uploads\/2023\/01\/WhatsApp-Image-2023-01-07-at-20.03.35-1.jpeg?resize=800%2C450&#038;ssl=1\" alt=\"\" width=\"800\" height=\"450\" srcset=\"https:\/\/i0.wp.com\/cdnoticias.com\/wp-content\/uploads\/2023\/01\/WhatsApp-Image-2023-01-07-at-20.03.35-1.jpeg?resize=1024%2C576&amp;ssl=1 1024w, https:\/\/i0.wp.com\/cdnoticias.com\/wp-content\/uploads\/2023\/01\/WhatsApp-Image-2023-01-07-at-20.03.35-1.jpeg?resize=300%2C169&amp;ssl=1 300w, https:\/\/i0.wp.com\/cdnoticias.com\/wp-content\/uploads\/2023\/01\/WhatsApp-Image-2023-01-07-at-20.03.35-1.jpeg?resize=768%2C432&amp;ssl=1 768w, https:\/\/i0.wp.com\/cdnoticias.com\/wp-content\/uploads\/2023\/01\/WhatsApp-Image-2023-01-07-at-20.03.35-1.jpeg?resize=1536%2C864&amp;ssl=1 1536w, https:\/\/i0.wp.com\/cdnoticias.com\/wp-content\/uploads\/2023\/01\/WhatsApp-Image-2023-01-07-at-20.03.35-1.jpeg?w=1600&amp;ssl=1 1600w\" sizes=\"auto, (max-width: 800px) 100vw, 800px\" \/><\/p>\n<p>&nbsp;<\/p>\n<blockquote><p>La v\u00edctima lamentablemente falleci\u00f3 producto del impacto, y se logr\u00f3 saber que se trata de un vecino de Olavarr\u00eda.<\/p><\/blockquote>\n<p>&nbsp;<\/p>\n<p>En el lugar trabajaron Bomberos Voluntarios de La Madrid y personal del Destacamento Vial, y la ruta qued\u00f3 reducida al tr\u00e1nsito debido a los trabajos de peritos sobretodo en el equipo de chacra que qued\u00f3 en la banquina.<\/p>\n","protected":false},"excerpt":{"rendered":"<p>Fue en la tarde de este s\u00e1bado. Choc\u00f3 con una camioneta Chevrolet S10 contra un equipo de chacra y luego<\/p>\n","protected":false},"author":2,"featured_media":74351,"comment_status":"closed","ping_status":"closed","sticky":false,"template":"","format":"standard","meta":{"_jetpack_memberships_contains_paid_content":false,"footnotes":""},"categories":[14,1],"tags":[],"class_list":["post-74350","post","type-post","status-publish","format-standard","has-post-thumbnail","hentry","category-policiales","category-portada"],"jetpack_featured_media_url":"https:\/\/i0.wp.com\/cdnoticias.com\/wp-content\/uploads\/2023\/01\/WhatsApp-Image-2023-01-07-at-20.03.35.jpeg?fit=1095%2C544&ssl=1","jetpack_sharing_enabled":true,"_links":{"self":[{"href":"https:\/\/cdnoticias.com\/index.php\/wp-json\/wp\/v2\/posts\/74350","targetHints":{"allow":["GET"]}}],"collection":[{"href":"https:\/\/cdnoticias.com\/index.php\/wp-json\/wp\/v2\/posts"}],"about":[{"href":"https:\/\/cdnoticias.com\/index.php\/wp-json\/wp\/v2\/types\/post"}],"author":[{"embeddable":true,"href":"https:\/\/cdnoticias.com\/index.php\/wp-json\/wp\/v2\/users\/2"}],"replies":[{"embeddable":true,"href":"https:\/\/cdnoticias.com\/index.php\/wp-json\/wp\/v2\/comments?post=74350"}],"version-history":[{"count":0,"href":"https:\/\/cdnoticias.com\/index.php\/wp-json\/wp\/v2\/posts\/74350\/revisions"}],"wp:featuredmedia":[{"embeddable":true,"href":"https:\/\/cdnoticias.com\/index.php\/wp-json\/wp\/v2\/media\/74351"}],"wp:attachment":[{"href":"https:\/\/cdnoticias.com\/index.php\/wp-json\/wp\/v2\/media?parent=74350"}],"wp:term":[{"taxonomy":"category","embeddable":true,"href":"https:\/\/cdnoticias.com\/index.php\/wp-json\/wp\/v2\/categories?post=74350"},{"taxonomy":"post_tag","embeddable":true,"href":"https:\/\/cdnoticias.com\/index.php\/wp-json\/wp\/v2\/tags?post=74350"}],"curies":[{"name":"wp","href":"https:\/\/api.w.org\/{rel}","templated":true}]}}