{"id":74345,"date":"2023-01-07T18:45:08","date_gmt":"2023-01-07T21:45:08","guid":{"rendered":"https:\/\/www.centraldenoticias.com.ar\/?p=74345"},"modified":"2023-01-07T18:45:11","modified_gmt":"2023-01-07T21:45:11","slug":"hilario-galli-recogio-el-guante-y-le-respondio-al-frente-de-todos","status":"publish","type":"post","link":"https:\/\/cdnoticias.com\/index.php\/2023\/01\/07\/hilario-galli-recogio-el-guante-y-le-respondio-al-frente-de-todos\/","title":{"rendered":"Hilario Galli recogi\u00f3 el guante y le respondi\u00f3 al Frente de Todos"},"content":{"rendered":"<p>Con un extenso comunicado, respondi\u00f3 los 17 puntos planteados por la oposici\u00f3n local. \u201cNo hay peor sordo que el que no quiere o\u00edr\u201d dijo y carg\u00f3 con dureza en algunos pasajes. <!--more--><\/p>\n<hr \/>\n<p>Tras la <strong>dura publicaci\u00f3n en redes sociales del Frente de Todos que dio cuenta de los \u201csilencios\u201d del Gobierno Municipal<\/strong> en al menos 17 situaciones que sucedieron desde 2017,<strong> el secretario de Gobierno Hilario Galli sali\u00f3 con dureza a defender la gesti\u00f3n e incluso, acus\u00f3 con m\u00e1s dureza a la oposici\u00f3n local.<\/strong><\/p>\n<p>&nbsp;<\/p>\n<p><a href=\"https:\/\/cdnoticias.com\/index.php\/2023\/01\/07\/el-frente-de-todos-arremetio-contra-el-municipio-dijeron-que-olavarria-es-la-capital-del-silencio\/\" target=\"_blank\" rel=\"noopener\">El Frente de Todos hab\u00eda titulado su comunicado como \u201cHolavarr\u00eda, \u00bfCapital del silencio?\u201d<\/a> y pidi\u00f3, entre otros temas, que haya \u201cuna #Olavarria sin H, sin silencios\u201d. <strong>Hilario Galli, en esa sinton\u00eda, respondi\u00f3 con un comunicado titulado \u201cno hay peor sordo que el que no quiere o\u00edr\u201d.<\/strong><\/p>\n<p>&nbsp;<\/p>\n<p>All\u00ed, se\u00f1al\u00f3 que se mantienen en la gesti\u00f3n gracias a la elecci\u00f3n de los vecinos, y que la oposici\u00f3n<em> \u201cse encarg\u00f3 de obstaculizar la gesti\u00f3n siempre con agravios y nunca con propuestas\u201d.<\/em><\/p>\n<p>&nbsp;<\/p>\n<blockquote><p>\u201cCon la posibilidad de ocupar importantes cargos nacionales y provinciales pensamos, equivocadamente, que aportar\u00edan soluciones a los olavarrienses. Ilusos nosotros que supusimos que iban a trabajar por Olavarr\u00eda y no por el cargo\u201d.<\/p><\/blockquote>\n<p>&nbsp;<\/p>\n<p><strong>El comunicado completo (publicado en sus redes sociales) es el siguiente:<\/strong><\/p>\n<p>&nbsp;<\/p>\n<p><em>\u201cNO HAY PEOR SORDO QUE EL QUE NO QUIERE OIR\u201d.<\/em><\/p>\n<p>&nbsp;<\/p>\n<p><img data-recalc-dims=\"1\" loading=\"lazy\" decoding=\"async\" class=\"alignnone size-large wp-image-54471\" src=\"https:\/\/i0.wp.com\/cdnoticias.com\/wp-content\/uploads\/2022\/05\/hilario-galli01.jpg?resize=800%2C480&#038;ssl=1\" alt=\"\" width=\"800\" height=\"480\" srcset=\"https:\/\/i0.wp.com\/cdnoticias.com\/wp-content\/uploads\/2022\/05\/hilario-galli01.jpg?resize=1024%2C615&amp;ssl=1 1024w, https:\/\/i0.wp.com\/cdnoticias.com\/wp-content\/uploads\/2022\/05\/hilario-galli01.jpg?resize=300%2C180&amp;ssl=1 300w, https:\/\/i0.wp.com\/cdnoticias.com\/wp-content\/uploads\/2022\/05\/hilario-galli01.jpg?resize=768%2C461&amp;ssl=1 768w, https:\/\/i0.wp.com\/cdnoticias.com\/wp-content\/uploads\/2022\/05\/hilario-galli01.jpg?resize=1536%2C922&amp;ssl=1 1536w, https:\/\/i0.wp.com\/cdnoticias.com\/wp-content\/uploads\/2022\/05\/hilario-galli01.jpg?w=1927&amp;ssl=1 1927w, https:\/\/i0.wp.com\/cdnoticias.com\/wp-content\/uploads\/2022\/05\/hilario-galli01.jpg?w=1600&amp;ssl=1 1600w\" sizes=\"auto, (max-width: 800px) 100vw, 800px\" \/><\/p>\n<p>&nbsp;<\/p>\n<p><em>Hace m\u00e1s de siete a\u00f1os los vecinos eligieron, sucesivamente, a Ezequiel Galli y a su equipo para dirigir los destinos del Partido de Olavarr\u00eda. En todo este tiempo la oposici\u00f3n se encarg\u00f3 de obstaculizar la gesti\u00f3n siempre con agravios y nunca con propuestas. Con la posibilidad de ocupar importantes cargos nacionales y provinciales pensamos, equivocadamente, que aportar\u00edan soluciones a los olavarrienses. Ilusos nosotros que supusimos que iban a trabajar por Olavarr\u00eda y no por el cargo.<\/em><\/p>\n<p><em>Apelan constantemente a la palabra corrupci\u00f3n para tratar de llevar a nuestra gesti\u00f3n a un lugar donde ellos se sienten muy c\u00f3modos y con vasta experiencia. La \u201cJefa\u201d condenada, funcionarios revoleando bolsos en un convento, ex ministros presos, un vicepresidente que imprim\u00eda billetes, hoteles fantasmas, sobreprecios, lavado de dinero, La Rosadita, creaci\u00f3n de juzgados que nunca funcionaron, doble cargo en el Estado, etc, etc.<\/em><\/p>\n<p><em>Ante esta triste situaci\u00f3n, tenemos la responsabilidad de contestar a los vecinos de Olavarr\u00eda los agravios de un grupo de militantes rentados que utiliza los fondos p\u00fablicos para desprestigiar a la gesti\u00f3n porque est\u00e1 claro que \u201cel ladr\u00f3n cree que todos son de su condici\u00f3n\u201d.<\/em><\/p>\n<p><em>1) Lo sucedido con el dep\u00f3sito judicial qued\u00f3 en su momento en manos del poder judicial, como corresponde en este tipo de situaciones, y el municipio puso a disposici\u00f3n todo lo que se le solicit\u00f3.<\/em><\/p>\n<p><em>2) Seguir hablando del recital del Indio Solari en estos t\u00e9rminos ya se torna bastante agotador, luego de que no solo se hayan respondido todas las inquietudes en el HCD, espacio institucional donde debe hacerse, sino que adem\u00e1s la justicia deslind\u00f3 al Municipio de toda responsabilidad.<\/em><\/p>\n<p><em>3) El Matadero Municipal fue un gran problema que se hered\u00f3 con enormes problemas de infraestructura, higiene, seguridad laboral y sobre todo seguridad sanitaria para el partido. Se intent\u00f3 subsanar y no se logr\u00f3, pero al momento del cierre, todos los empleados fueron asistidos por el Municipio y seguimos articuladamente con privados para que Olavarr\u00eda vuelva a contar con un frigor\u00edfico.<\/em><\/p>\n<p><em>4) El Estacionamiento Medido es un sistema que utilizan las grandes ciudades del mundo. La organizaci\u00f3n del espacio p\u00fablico y la sustentabilidad es un eje importante de nuestra gesti\u00f3n. Lo implementamos, en un a\u00f1o electoral, de manera responsable, clara y transparente sin apelar a la demagogia. Adem\u00e1s, con esta medida pudimos resolvimos el problema econ\u00f3mico hist\u00f3rico que ten\u00eda una instituci\u00f3n tan importante como los Bomberos Voluntarios que socorren a todo el Partido de manera desinteresada.<\/em><\/p>\n<p><em>5) El d\u00e9ficit del a\u00f1o 2019 se produjo por una crisis econ\u00f3mica que atraves\u00f3 nuestro pa\u00eds en aquel momento (un \u201cescandaloso\u201d 53% y d\u00f3lar \u201cinsostenible\u201d a $40) y la decisi\u00f3n del intendente Galli fue acompa\u00f1ar a los vecinos que estaban pasando un mal momento, con exenciones impositivas a pymes, sin aumentar tasas, igualando los carnet hospitalarios 2 y 3 al 1, y muchas medidas m\u00e1s. La consecuencia era prevista, pero entendimos que era necesaria. El Tribunal de Cuentas aprob\u00f3 la rendici\u00f3n de cuentas del mencionado ejercicio a pesar de tratarnos de \u201cladrones\u201d. Al a\u00f1o siguiente terminamos el ejercicio con Super\u00e1vit, y ah\u00ed nos llamaron \u201cin\u00fatiles\u201d. Gataflorismo pol\u00edtico o ausencia de argumentos reales.<\/em><\/p>\n<p><em>6) Todos conocen c\u00f3mo se dieron las cosas. Los idas y vueltas que tuvo desde el inicio. De hecho, siempre mantuvimos un di\u00e1logo fluido con los vecinos de la localidad y desde la Subsecretar\u00eda de Legal y T\u00e9cnica contin\u00faan trabajando en este sentido.<\/em><\/p>\n<p><em>7) Con respecto a los lixiviados, en aquella oportunidad personal de OPDS (Organismo Provincial para el Desarrollo Sostenible) y ADA (Autoridad del Agua), ambos organismos provinciales, se hicieron presentes en el Relleno Sanitario y constataron el correcto funcionamiento tras haber saneado las celdas.<\/em><\/p>\n<p><em>8 ) Es inmoral que se planteen faltas de respuestas en la salud p\u00fablica en Olavarr\u00eda. Basta recordar el 4 de enero de 2021 cuando se perdieron 400 vacunas guardadas en un freezer de un sindicato en el Hospital provincial de Oncolog\u00eda que podr\u00edan haber evitado fallecidos. Se fueron de vacaciones y se olvidaron de las vacunas. Se necesita personal id\u00f3neo en cargos tan importantes como el de salud. Durante la pandemia, el equipo que conforma la Secretar\u00eda de Salud P\u00fablica no s\u00f3lo estuvo a la altura de las circunstancias, sino que recibi\u00f3 infinidad de pacientes de distritos vecinos, muchos de ellos gobernados por el Frente de Todos que carecen de un sistema de salud p\u00fablica como el nuestro. Ampliamos nuestro hospital, construimos un pabell\u00f3n de traumatolog\u00eda, mejoramos el salario de los recursos humanos, incorporamos aparatolog\u00eda, estuvimos cerca de todos los vecinos. Todo sin el apoyo del gobierno provincial que mantiene millonarias deudas a trav\u00e9s de IOMA. No hubo un vecino de Olavarr\u00eda y los alrededores que no haya sido atendido en nuestra gesti\u00f3n, con m\u00e1s de 400.000 atenciones realizadas en todo 2022 y con un presupuesto de m\u00e1s de 6.600 millones para el 2023. Con fondos propios seguimos ampliando nuestro Hospital y mejorando los Centros de Atenci\u00f3n Primaria para seguir siendo un sistema sanitario de excelencia y motivo de orgullo para toda la regi\u00f3n.<\/em><\/p>\n<p><em>9) En cuanto a nocturnidad, la tem\u00e1tica es de suma complejidad y atraviesa el pa\u00eds a lo largo y ancho. En nuestro caso, la seguridad es responsabilidad directa del gobierno provincial de Axel Kicilloff. Desde el municipio asistimos con recursos humanos, log\u00edsticos y sobre todo econ\u00f3micos para que se puedan desarrollar de la mejor manera posible. Pero no somos quienes impartimos las ordenes dentro del sistema, por lo que el Gobernador no puede deslindarse de responsabilidades como los hechos sucedidos hace pocos d\u00edas que involucran periodistas heridos.<\/em><\/p>\n<p><em>10) Con respecto a las TUVI prefabricadas, es un proyecto habitacional que tuvo un traspi\u00e9 en su comienzo pero que r\u00e1pidamente logramos reencauzar y poner en funcionamiento. En un a\u00f1o con INFLACI\u00d3N cercana al 100% es esperable que la redeterminaci\u00f3n de la obra haya sido m\u00e1s alta que el proceso original. Asumimos el compromiso con los adjudicatarios y en un breve per\u00edodo se dio respuesta para continuar con la obra. No sucede lo mismo con la Facultad de Ciencias de la Salud que a\u00fan sigue parada luego de 6 meses de que se detuvo. Pero peor es la rotonda de Hinojo que en julio de 2021 la anunciaron con bombos y platillos y todav\u00eda la estamos esperando. Y m\u00e1s grave a\u00fan el acceso a Sierras Bayas que festejaron como \u201cuna gran noticia\u201d en el inicio del a\u00f1o pasado y tampoco pas\u00f3 nada. Tambi\u00e9n era \u201cinminente\u201d la reactivaci\u00f3n de la obra del Polo Judicial. Y si de viviendas hablamos, tenemos que mencionar que en la gesti\u00f3n de Ezequiel Galli se finalizaron las casas que abandon\u00f3 Daniel Scioli en los ocho a\u00f1os de gesti\u00f3n. De esos ocho a\u00f1os, en cuatro tuvimos a un legislador de La C\u00e1mpora que no logr\u00f3 ni que corten el pasto en el Pickelado. Pero si conform\u00f3 una estructura ministerial en Olavarr\u00eda. Siempre es mejor \u201cmirar la paja en el ojo ajeno\u201d que hacerse cargo de la ineptitud e ineficiencia que tuvieron siempre en cada caso que les toc\u00f3 gestionar. Las TUVI prefabricadas fue la 1er obra que lamentablemente tuvimos que rescindir el contrato luego de 7 a\u00f1os de gesti\u00f3n y m\u00e1s de 1000 obras realizadas. Ojal\u00e1 pudieran decir lo mismo, nuestro pa\u00eds tendr\u00eda una mejor realidad que la actual.<\/em><\/p>\n<p><em>11) La venta de la calle a Cemento Avellaneda fue trabajada con absoluto profesionalismo, y para la tasaci\u00f3n de la misma se contrat\u00f3 a la Facultad de Ingenier\u00eda. Decir que se \u201cvendi\u00f3 a un precio vil\u201d no solo es menospreciar el trabajo de los profesionales de la Facultad que intervinieron, sino que tambi\u00e9n es poner un manto de duda respecto a su honorabilidad. A la hora de agraviar no encuentran l\u00edmites. Sin mencionar que para la venta tambi\u00e9n intervinieron necesariamente organismos provinciales, entre ellos la Subsecretar\u00eda de Miner\u00eda a cargo de Federico Aguilera.<\/em><\/p>\n<p><em>12) Los documentos p\u00fablicos indican que los terrenos linderos a la Escuela Industrial pertenecen al Municipio. Intentar sembrar dudas sobre este tema es completamente est\u00e9ril, los documentos o en otros casos las escrituras determinan el dominio de los bienes, y ah\u00ed se terminan las discusiones.<\/em><\/p>\n<p><em>13) Las localidades del Partido de Olavarr\u00eda son parte del plan estrat\u00e9gico de inversi\u00f3n de la ciudad y se ve reflejado a\u00f1o a a\u00f1o en obras de pavimento, cloacas, parques p\u00fablicos, caminos, obras para desarrollar el turismo, mantenimiento de espacios verdes, luminaria, c\u00e1maras de seguridad, reacondicionamiento de cementerios, obras h\u00eddricas, etc., sin contar todos los programas municipales deportivos y culturales, la atenci\u00f3n sanitaria, el apoyo de desarrollo social y de todas las \u00e1reas del Municipio que intervienen en todo el Partido de Olavarr\u00eda.<\/em><\/p>\n<p><em>14) Los servicios de agua y luz padecen la desidia y las malas decisiones de los gobiernos kirchneristas por m\u00e1s de 15 a\u00f1os. La falta de inversi\u00f3n en materia energ\u00e9tica nos va a costar a\u00f1os de vida a todos los argentinos. La d\u00e9cada ganada fue para los empresarios amigos del poder a los que se les perdonaron millonarias deudas ante el silencio de quienes llegaron al poder para hacer la \u201crevoluci\u00f3n\u201d. Los ideales los dejaron en la puerta de las empresas de Vila y Manzano. Quejarse hoy de las consecuencias de las pol\u00edticas de su propio gobierno es bastante tragic\u00f3mico.<\/em><\/p>\n<p><em>15) El concejal Javier Fr\u00edas regulariz\u00f3 la situaci\u00f3n y no hay nada que impida que ocupe su banca en el Honorable Concejo Deliberante. Las agresiones personales hacia su persona demuestran el nivel de oposici\u00f3n que hay en Olavarr\u00eda.<\/em><\/p>\n<p><em>16) Con respecto al servicio de recolecci\u00f3n de residuos es una licitaci\u00f3n p\u00fablica y transparente que a\u00fan est\u00e1 en curso de adjudicaci\u00f3n porque se est\u00e1n analizando las diferentes ofertas. Hasta en tanto no termine el proceso licitatorio no se da acceso al expediente a ninguna persona, entidad ni \u00e1rea que no est\u00e9 involucrada directamente con el proceso, justamente para garantizar la transparencia del mismo y que terceros puedan influir. Una vez adjudicado y finalizado el plazo de impugnaciones (si las hubiere) se pondr\u00e1 a disposici\u00f3n de los ediles como todos y cada uno de los expedientes que han pedido tomar vista a lo largo de todo este tiempo. Olavarr\u00eda se distingue por sobre otras ciudades por muchas cosas, el orden y la limpieza es una de ellas, y as\u00ed seguiremos trabajando para que cada vez est\u00e9 m\u00e1s linda.<\/em><\/p>\n<p><em>17) Sobre la causa terrenos ya dijimos y no nos vamos a cansar de decir que somos respetuosos de la independencia de poderes. Desde el primer d\u00eda nos pusimos a disposici\u00f3n y sin interferir, esperamos los resultados de la justicia. Una vez concluido, si hay alg\u00fan v\u00ednculo con alg\u00fan empleado municipal, se actuar\u00e1 en consecuencia, y de lo contrario tomaremos cartas en el asunto respecto a todos los agravios recibidos en todo este tiempo. Estamos en contra de los atropellos institucionales porque afectan los valores de la democracia.<\/em><\/p>\n<p><em>Mientras tanto, los silencios que si aturden son de los mismos que lloraban un d\u00f3lar a $40 y hoy llega a $355, o que se escandalizaban por una inflaci\u00f3n de 53% y ahora festejan que cerr\u00f3 debajo de los 100 puntos. Son las mismas personas que se vacunaron antes que vos, que festejaron sus cumplea\u00f1os, y que viven del Estado (de vos) de toda la vida.<\/em><\/p>\n<p><em>Silencio para reconocer que 1 de cada 2 chicos es pobre en nuestro pa\u00eds.<\/em><\/p>\n<p><em>Silencio sobre las familias enteras que se han marchado de la Argentina para encontrar un mejor futuro<\/em><\/p>\n<p><em>Silencio con el mal manejo de la pandemia<\/em><\/p>\n<p><em>Silencio sobre el crecimiento del delito en la Provincia de Buenos Aires<\/em><\/p>\n<p><em>Silencio para continuar dando planes sociales en vez de crear oportunidades para que existan verdaderas opciones laborales<\/em><\/p>\n<p><em>Silencio ante el avasallamiento a la Justicia.<\/em><\/p>\n<p><em>Silencio que intentan tapar con un relato que se les cae a pedazos, y que tratan por todos los medios de descalificarnos para hacernos ver como ellos, pero no, no somos iguales.<\/em><\/p>\n<p><em>Silencio, mucho silencio y enga\u00f1o a la sociedad que pronto les volver\u00e1 a decir que hasta ac\u00e1 llegaron.<\/em><\/p>\n","protected":false},"excerpt":{"rendered":"<p>Con un extenso comunicado, respondi\u00f3 los 17 puntos planteados por la oposici\u00f3n local. \u201cNo hay peor sordo que el que<\/p>\n","protected":false},"author":2,"featured_media":65005,"comment_status":"closed","ping_status":"closed","sticky":false,"template":"","format":"standard","meta":{"_jetpack_memberships_contains_paid_content":false,"footnotes":""},"categories":[4,1],"tags":[],"class_list":["post-74345","post","type-post","status-publish","format-standard","has-post-thumbnail","hentry","category-politica","category-portada"],"jetpack_featured_media_url":"https:\/\/i0.wp.com\/cdnoticias.com\/wp-content\/uploads\/2022\/09\/hilario-galli-02.jpg?fit=800%2C445&ssl=1","jetpack_sharing_enabled":true,"_links":{"self":[{"href":"https:\/\/cdnoticias.com\/index.php\/wp-json\/wp\/v2\/posts\/74345","targetHints":{"allow":["GET"]}}],"collection":[{"href":"https:\/\/cdnoticias.com\/index.php\/wp-json\/wp\/v2\/posts"}],"about":[{"href":"https:\/\/cdnoticias.com\/index.php\/wp-json\/wp\/v2\/types\/post"}],"author":[{"embeddable":true,"href":"https:\/\/cdnoticias.com\/index.php\/wp-json\/wp\/v2\/users\/2"}],"replies":[{"embeddable":true,"href":"https:\/\/cdnoticias.com\/index.php\/wp-json\/wp\/v2\/comments?post=74345"}],"version-history":[{"count":0,"href":"https:\/\/cdnoticias.com\/index.php\/wp-json\/wp\/v2\/posts\/74345\/revisions"}],"wp:featuredmedia":[{"embeddable":true,"href":"https:\/\/cdnoticias.com\/index.php\/wp-json\/wp\/v2\/media\/65005"}],"wp:attachment":[{"href":"https:\/\/cdnoticias.com\/index.php\/wp-json\/wp\/v2\/media?parent=74345"}],"wp:term":[{"taxonomy":"category","embeddable":true,"href":"https:\/\/cdnoticias.com\/index.php\/wp-json\/wp\/v2\/categories?post=74345"},{"taxonomy":"post_tag","embeddable":true,"href":"https:\/\/cdnoticias.com\/index.php\/wp-json\/wp\/v2\/tags?post=74345"}],"curies":[{"name":"wp","href":"https:\/\/api.w.org\/{rel}","templated":true}]}}