{"id":74339,"date":"2023-01-07T13:26:20","date_gmt":"2023-01-07T16:26:20","guid":{"rendered":"https:\/\/www.centraldenoticias.com.ar\/?p=74339"},"modified":"2023-01-07T13:26:20","modified_gmt":"2023-01-07T16:26:20","slug":"el-frente-de-todos-arremetio-contra-el-municipio-dijeron-que-olavarria-es-la-capital-del-silencio","status":"publish","type":"post","link":"https:\/\/cdnoticias.com\/index.php\/2023\/01\/07\/el-frente-de-todos-arremetio-contra-el-municipio-dijeron-que-olavarria-es-la-capital-del-silencio\/","title":{"rendered":"El Frente de Todos arremeti\u00f3 contra el Municipio: dijeron que Olavarr\u00eda es \u201cla capital del silencio\u201d"},"content":{"rendered":"<p>Mencionaron al menos 17 hechos sobre los que, consideraron, no hubo avances ni respuestas favorables de la gesti\u00f3n Galli. \u201cQueremos una #Olavarria sin H, sin silencios\u201d denunciaron.<!--more--><\/p>\n<hr \/>\n<p>Este viernes por la noche, y ante un comienzo de a\u00f1o complejo tras el atrincheramiento de Claudio Peralta y otras situaciones de diversa \u00edndole,<strong> el Frente de Todos sali\u00f3 con mucha dureza a cuestionar la gesti\u00f3n municipal y el silencio ante al menos 17 hechos de los \u00faltimos a\u00f1os que, seg\u00fan expresaron, generaron la \u201ccapital del silencio\u201d.<\/strong><\/p>\n<p>&nbsp;<\/p>\n<p>En una extensa publicaci\u00f3n en redes sociales,<strong> repasaron uno por uno cada uno de estos hechos que datan de al menos 2017.<\/strong><\/p>\n<p>&nbsp;<\/p>\n<p>-Silencio sobre el dep\u00f3sito Judicial incendiado para tapar la venta ilegal de autopartes.<\/p>\n<p>-Silencio sobre los perjuicios ocasionados por la mala organizaci\u00f3n del mega recital del Indio Solari.<\/p>\n<p>-Silencio ante el cierre y abandono del Matadero Municipal.<\/p>\n<p>-Silencio sobre el otorgamiento direccionado y perjudicial para todos los olavarrienses del Sistema de Estacionamiento Medido.<\/p>\n<p>-Silencio sobre los $354 millones de d\u00e9ficit de la campa\u00f1a del 2019.<\/p>\n<p>-Silencio por la colocaci\u00f3n de una antena en Colonia Nievas cuando no correspond\u00eda.<\/p>\n<p>-Silencio ante el vertido de lixiviados al arroyo Tapalqu\u00e9<\/p>\n<p>-Silencio sobre la falta de respuestas en el sistema de salud p\u00fablica.<\/p>\n<p>-Silencio sobre el descontrol y la violencia en la nocturnidad olavarriense.<\/p>\n<p>-Silencio sobre el sobreprecio y la falta de control en el plan de Viviendas Prefabricadas TUVI.<\/p>\n<p>-Silencio sobre la venta de la calle a Cementos Avellaneda a un precio vil.<\/p>\n<p>-Silencio ante la apropiaci\u00f3n del predio de la Escuela Industrial.<\/p>\n<p>-Silencio ante la falta de inversi\u00f3n en las localidades del Partido de Olavarr\u00eda.<\/p>\n<p>-Silencio ante las fallas de los servicios de luz y agua concesionados a Coopelectric.<\/p>\n<p>-Silencio con el caso del concejal Fr\u00edas que no debe ocupar la banca por ser proveedor del municipio.<\/p>\n<p>-Silencio sobre el otorgamiento direccionado y exclusivo para el servicio de recolecci\u00f3n y tratamiento de residuos.<\/p>\n<p>-Silencio ante uno de los mayores hechos delictivos de la historia de Olavarr\u00eda, como la venta ilegal de m\u00e1s de 100 terrenos p\u00fablicos y privados.<\/p>\n<p>&nbsp;<\/p>\n<p>En el final de la publicaci\u00f3n,<strong> desde el Frente de Todos pidieron \u201cuna #Olavarria sin H, sin silencios\u201d.<\/strong><\/p>\n","protected":false},"excerpt":{"rendered":"<p>Mencionaron al menos 17 hechos sobre los que, consideraron, no hubo avances ni respuestas favorables de la gesti\u00f3n Galli. \u201cQueremos<\/p>\n","protected":false},"author":2,"featured_media":73697,"comment_status":"closed","ping_status":"closed","sticky":false,"template":"","format":"standard","meta":{"_jetpack_memberships_contains_paid_content":false,"footnotes":""},"categories":[4,1],"tags":[],"class_list":["post-74339","post","type-post","status-publish","format-standard","has-post-thumbnail","hentry","category-politica","category-portada"],"jetpack_featured_media_url":"https:\/\/i0.wp.com\/cdnoticias.com\/wp-content\/uploads\/2022\/12\/DSC_2213-scaled.jpg?fit=2560%2C1707&ssl=1","jetpack_sharing_enabled":true,"_links":{"self":[{"href":"https:\/\/cdnoticias.com\/index.php\/wp-json\/wp\/v2\/posts\/74339","targetHints":{"allow":["GET"]}}],"collection":[{"href":"https:\/\/cdnoticias.com\/index.php\/wp-json\/wp\/v2\/posts"}],"about":[{"href":"https:\/\/cdnoticias.com\/index.php\/wp-json\/wp\/v2\/types\/post"}],"author":[{"embeddable":true,"href":"https:\/\/cdnoticias.com\/index.php\/wp-json\/wp\/v2\/users\/2"}],"replies":[{"embeddable":true,"href":"https:\/\/cdnoticias.com\/index.php\/wp-json\/wp\/v2\/comments?post=74339"}],"version-history":[{"count":0,"href":"https:\/\/cdnoticias.com\/index.php\/wp-json\/wp\/v2\/posts\/74339\/revisions"}],"wp:featuredmedia":[{"embeddable":true,"href":"https:\/\/cdnoticias.com\/index.php\/wp-json\/wp\/v2\/media\/73697"}],"wp:attachment":[{"href":"https:\/\/cdnoticias.com\/index.php\/wp-json\/wp\/v2\/media?parent=74339"}],"wp:term":[{"taxonomy":"category","embeddable":true,"href":"https:\/\/cdnoticias.com\/index.php\/wp-json\/wp\/v2\/categories?post=74339"},{"taxonomy":"post_tag","embeddable":true,"href":"https:\/\/cdnoticias.com\/index.php\/wp-json\/wp\/v2\/tags?post=74339"}],"curies":[{"name":"wp","href":"https:\/\/api.w.org\/{rel}","templated":true}]}}