{"id":74334,"date":"2023-01-07T09:10:10","date_gmt":"2023-01-07T12:10:10","guid":{"rendered":"https:\/\/www.centraldenoticias.com.ar\/?p=74334"},"modified":"2023-01-07T10:52:39","modified_gmt":"2023-01-07T13:52:39","slug":"una-vez-mas-la-transparencia-y-el-dialogo-son-parte-del-discurso-y-no-de-los-hechos","status":"publish","type":"post","link":"https:\/\/cdnoticias.com\/index.php\/2023\/01\/07\/una-vez-mas-la-transparencia-y-el-dialogo-son-parte-del-discurso-y-no-de-los-hechos\/","title":{"rendered":"&#8220;Una vez m\u00e1s la transparencia y el di\u00e1logo son parte del discurso y no de los hechos&#8221;"},"content":{"rendered":"<p>El concejal Ubaldo Garc\u00eda, del Frente de Todos, sali\u00f3 al cruce de la situaci\u00f3n del expediente de licitaci\u00f3n de la recolecci\u00f3n de residuos y su relaci\u00f3n con la renuncia de Alejandra Malamud.<\/p>\n<hr \/>\n<p><!--more--><\/p>\n<p>Este viernes, a pocas horas de conocerse la renuncia de <a href=\"https:\/\/cdnoticias.com\/index.php\/2023\/01\/05\/alejandra-malamud-dejo-asuntos-legales-del-municipio\/\" target=\"_blank\" rel=\"noopener\">Alejandra Malamud del \u00e1rea de Legales del Municipio<\/a>, <strong>el concejal Ubaldo Garc\u00eda (Frente de Todos) sali\u00f3 al cruce de la gesti\u00f3n comunal<\/strong> y lo acus\u00f3 de no mostrar el expediente para ver c\u00f3mo fue confeccionado y de qu\u00e9 se trata.<\/p>\n<p>&nbsp;<\/p>\n<p><em>&#8220;Hace 20 d\u00edas que estamos pidiendo ver el expediente sobre el contrato de Recolecci\u00f3n de Residuos, lo hicimos por escrito, personalmente y por mensaje y no hemos tenido acceso alguno&#8221;<\/em> dijo Garc\u00eda, que se\u00f1al\u00f3 que agotaron las instancias de di\u00e1logo.<\/p>\n<p>&nbsp;<\/p>\n<p>La importancia de poder analizar el expediente es que el pliego <em>&#8220;es de m\u00e1s de 17 mil millones de pesos&#8221;<\/em>, que <strong><em>&#8220;comparado con otras ciudades como Mar del Plata, Tandil o Bah\u00eda Blanca el monto destinado es much\u00edsimo mayor&#8221;.\u00a0<\/em><\/strong><\/p>\n<p>&nbsp;<\/p>\n<p>A eso se debe sumar que el contrato de Recolecci\u00f3n de Residuos es el m\u00e1s importante que tiene el municipio, dado que &#8220;<strong><em>para el 2023 se le destinar\u00e1n m\u00e1s de 1.700 millones de pesos, un cifra que ronda el 10 % de los gastos totales del municipio, lo que refleja la importancia y la incidencia que tiene este contrato que afecta las arcas municipales&#8221;<\/em><\/strong> dijo el concejal del FdT.<\/p>\n<p>&nbsp;<\/p>\n<p>Denunci\u00f3 que<em> &#8220;el pliego de bases y condiciones se hizo totalmente a espaldas de la comunidad, de las sociedades de fomento, de las entidades intermedias, en ning\u00fan momento fueron consultadas respecto de un servicio tan importante como es la recolecci\u00f3n de residuos y el tratamiento de los mismos&#8221;.\u00a0<\/em><\/p>\n<p>&nbsp;<\/p>\n<p>De hecho, sugiri\u00f3 a la comuna que este nuevo pliego para la licitaci\u00f3n <strong><em>&#8220;deber\u00eda haberse hecho como la licitaci\u00f3n del servicio del transporte interurbano, que si bien es una concesi\u00f3n de un servicio p\u00fablico, diferente a un contrato, podr\u00eda haberse trabajado de la misma menera, hablando con los vecinos, las instituciones, las localidades y los concejales&#8221;.<\/em><\/strong><\/p>\n<p>&nbsp;<\/p>\n<p>En este punto <strong>relacion\u00f3 la renuncia de Alejandra Malamud con este expediente<\/strong>: Garc\u00eda se hizo eco de medios (m\u00e1s all\u00e1 de lo publicado por Central de Noticias, algo ignorado por el edil) y destac\u00f3 que la ida de la funcionaria <em>&#8220;fue para no convalidar con su firma el expediente de la licitaci\u00f3n del servicio de recolecci\u00f3n de residuos&#8221;.<\/em><\/p>\n<p>&nbsp;<\/p>\n<blockquote><p>&#8220;\u00bfQu\u00e9 est\u00e1 pasando con este expediente? Los propios funcionarios denuncian irregularidades, nosotros no lo podemos ver y es el contrato al que m\u00e1s plata de todos los olavarrienses se le destina&#8221;.<\/p><\/blockquote>\n<p>&nbsp;<\/p>\n<p>Finalmente, Garc\u00eda resalt\u00f3 que<em> &#8220;una vez m\u00e1s la transparencia y el di\u00e1logo son parte del discurso y no de los hechos&#8221;.<\/em><\/p>\n","protected":false},"excerpt":{"rendered":"<p>El concejal Ubaldo Garc\u00eda, del Frente de Todos, sali\u00f3 al cruce de la situaci\u00f3n del expediente de licitaci\u00f3n de la<\/p>\n","protected":false},"author":2,"featured_media":49267,"comment_status":"closed","ping_status":"closed","sticky":false,"template":"","format":"standard","meta":{"_jetpack_memberships_contains_paid_content":false,"footnotes":""},"categories":[4,1],"tags":[],"class_list":["post-74334","post","type-post","status-publish","format-standard","has-post-thumbnail","hentry","category-politica","category-portada"],"jetpack_featured_media_url":"https:\/\/i0.wp.com\/cdnoticias.com\/wp-content\/uploads\/2022\/03\/HCD-ubaldo-garcia.jpg?fit=800%2C445&ssl=1","jetpack_sharing_enabled":true,"_links":{"self":[{"href":"https:\/\/cdnoticias.com\/index.php\/wp-json\/wp\/v2\/posts\/74334","targetHints":{"allow":["GET"]}}],"collection":[{"href":"https:\/\/cdnoticias.com\/index.php\/wp-json\/wp\/v2\/posts"}],"about":[{"href":"https:\/\/cdnoticias.com\/index.php\/wp-json\/wp\/v2\/types\/post"}],"author":[{"embeddable":true,"href":"https:\/\/cdnoticias.com\/index.php\/wp-json\/wp\/v2\/users\/2"}],"replies":[{"embeddable":true,"href":"https:\/\/cdnoticias.com\/index.php\/wp-json\/wp\/v2\/comments?post=74334"}],"version-history":[{"count":0,"href":"https:\/\/cdnoticias.com\/index.php\/wp-json\/wp\/v2\/posts\/74334\/revisions"}],"wp:featuredmedia":[{"embeddable":true,"href":"https:\/\/cdnoticias.com\/index.php\/wp-json\/wp\/v2\/media\/49267"}],"wp:attachment":[{"href":"https:\/\/cdnoticias.com\/index.php\/wp-json\/wp\/v2\/media?parent=74334"}],"wp:term":[{"taxonomy":"category","embeddable":true,"href":"https:\/\/cdnoticias.com\/index.php\/wp-json\/wp\/v2\/categories?post=74334"},{"taxonomy":"post_tag","embeddable":true,"href":"https:\/\/cdnoticias.com\/index.php\/wp-json\/wp\/v2\/tags?post=74334"}],"curies":[{"name":"wp","href":"https:\/\/api.w.org\/{rel}","templated":true}]}}