{"id":74320,"date":"2023-01-06T19:03:01","date_gmt":"2023-01-06T22:03:01","guid":{"rendered":"https:\/\/www.centraldenoticias.com.ar\/?p=74320"},"modified":"2023-01-06T20:13:41","modified_gmt":"2023-01-06T23:13:41","slug":"la-ola-de-calor-continua-en-olavarria-las-maximas-no-bajaran-de-33-grados","status":"publish","type":"post","link":"https:\/\/cdnoticias.com\/index.php\/2023\/01\/06\/la-ola-de-calor-continua-en-olavarria-las-maximas-no-bajaran-de-33-grados\/","title":{"rendered":"La ola de calor contin\u00faa en Olavarr\u00eda: las m\u00e1ximas no bajar\u00e1n de 33 grados"},"content":{"rendered":"<p>As\u00ed lo inform\u00f3 el Servicio Meteorol\u00f3gico Nacional. El calor continuar\u00e1 al menos hasta el pr\u00f3ximo martes, aunque podr\u00eda seguir algunos d\u00edas m\u00e1s. <!--more--><\/p>\n<hr \/>\n<p>Con un registro de <strong>m\u00e1s de 33 grados a las 18:00 horas en Olavarr\u00eda, la ola de calor contin\u00faa y no dar\u00e1 tregua hasta la semana pr\u00f3xima<\/strong>: al menos hasta el martes, las m\u00e1ximas no bajar\u00e1n de 33 grados y se esperan d\u00edas agobiantes.<\/p>\n<p>&nbsp;<\/p>\n<p>As\u00ed fue informado por el Servicio Meteorol\u00f3gico Nacional, que<strong> mantiene a Olavarr\u00eda y toda la regi\u00f3n en zona de Alerta Amarilla por altas temperaturas.<\/strong><\/p>\n<p>&nbsp;<\/p>\n<blockquote><p>La alerta amarilla da cuenta de que las altas temperaturas \u201cpueden ser peligrosas, sobre todo para los grupos de riesgo, como ni\u00f1os y ni\u00f1as, personas mayores de 65 a\u00f1os, con enfermedades cr\u00f3nicas\u201d.<\/p><\/blockquote>\n<p>&nbsp;<\/p>\n<p>Para el fin de semana, <strong>las temperaturas m\u00e1ximas ser\u00e1n de 33 grados los dos d\u00edas, mientras que la m\u00ednima para el domingo ser\u00e1 de 21.<\/strong><\/p>\n<p>&nbsp;<\/p>\n<p><strong>El martes la temperatura ser\u00e1 m\u00e1s alta a\u00fan, de 34 grados (con 23 de m\u00ednima)<\/strong> mientras que si bien mi\u00e9rcoles y jueves habr\u00e1 una disminuci\u00f3n, se espera que llegue a 30 grados, continuando con la ola de calor y sin lluvias ni tormentas a la vista.<\/p>\n","protected":false},"excerpt":{"rendered":"<p>As\u00ed lo inform\u00f3 el Servicio Meteorol\u00f3gico Nacional. El calor continuar\u00e1 al menos hasta el pr\u00f3ximo martes, aunque podr\u00eda seguir algunos<\/p>\n","protected":false},"author":2,"featured_media":12236,"comment_status":"closed","ping_status":"closed","sticky":false,"template":"","format":"standard","meta":{"_jetpack_memberships_contains_paid_content":false,"footnotes":""},"categories":[5,1],"tags":[],"class_list":["post-74320","post","type-post","status-publish","format-standard","has-post-thumbnail","hentry","category-informacion-general","category-portada"],"jetpack_featured_media_url":"https:\/\/i0.wp.com\/cdnoticias.com\/wp-content\/uploads\/2021\/01\/portada.jpg?fit=800%2C445&ssl=1","jetpack_sharing_enabled":true,"_links":{"self":[{"href":"https:\/\/cdnoticias.com\/index.php\/wp-json\/wp\/v2\/posts\/74320","targetHints":{"allow":["GET"]}}],"collection":[{"href":"https:\/\/cdnoticias.com\/index.php\/wp-json\/wp\/v2\/posts"}],"about":[{"href":"https:\/\/cdnoticias.com\/index.php\/wp-json\/wp\/v2\/types\/post"}],"author":[{"embeddable":true,"href":"https:\/\/cdnoticias.com\/index.php\/wp-json\/wp\/v2\/users\/2"}],"replies":[{"embeddable":true,"href":"https:\/\/cdnoticias.com\/index.php\/wp-json\/wp\/v2\/comments?post=74320"}],"version-history":[{"count":0,"href":"https:\/\/cdnoticias.com\/index.php\/wp-json\/wp\/v2\/posts\/74320\/revisions"}],"wp:featuredmedia":[{"embeddable":true,"href":"https:\/\/cdnoticias.com\/index.php\/wp-json\/wp\/v2\/media\/12236"}],"wp:attachment":[{"href":"https:\/\/cdnoticias.com\/index.php\/wp-json\/wp\/v2\/media?parent=74320"}],"wp:term":[{"taxonomy":"category","embeddable":true,"href":"https:\/\/cdnoticias.com\/index.php\/wp-json\/wp\/v2\/categories?post=74320"},{"taxonomy":"post_tag","embeddable":true,"href":"https:\/\/cdnoticias.com\/index.php\/wp-json\/wp\/v2\/tags?post=74320"}],"curies":[{"name":"wp","href":"https:\/\/api.w.org\/{rel}","templated":true}]}}