{"id":74310,"date":"2023-01-07T10:13:01","date_gmt":"2023-01-07T13:13:01","guid":{"rendered":"https:\/\/www.centraldenoticias.com.ar\/?p=74310"},"modified":"2023-01-07T10:13:01","modified_gmt":"2023-01-07T13:13:01","slug":"conoce-las-diferentes-propuestas-de-las-escuelas-artisticas-municipales-para-este-verano","status":"publish","type":"post","link":"https:\/\/cdnoticias.com\/index.php\/2023\/01\/07\/conoce-las-diferentes-propuestas-de-las-escuelas-artisticas-municipales-para-este-verano\/","title":{"rendered":"Conoc\u00e9 las diferentes propuestas de las Escuelas Art\u00edsticas Municipales para este verano"},"content":{"rendered":"<p>Las actividades comenzar\u00e1n el lunes 16 de enero y estar\u00e1n hasta el 17 de febrero inclusive. <!--more--><\/p>\n<hr \/>\n<p><strong>Comenzar\u00e1n las propuestas de las Escuelas Art\u00edsticas Municipales para este verano 2023 <\/strong>las cuales se realizar\u00e1n en los diferentes espacios del Partido de Olavarr\u00eda como Casa del Bicentenario, Centro Cultural Municipal \u201cSan Jos\u00e9\u201d, Centro Cultural Sierras Bayas, Centro Cultural Hinojo, Vered\u00f3n Museo D\u00e1maso Arce, Escuela de M\u00fasica, Escuela de Orfebrer\u00eda, Escuela de Artes Pl\u00e1sticas, Escuela de Cer\u00e1mica, Escuela Art\u00edstica Integrada y Escuela de Ajedrez.<\/p>\n<p>&nbsp;<\/p>\n<p>Las clases <strong>comenzar\u00e1n el lunes 16 de enero hasta el 17 de febrero inclusive<\/strong> y los<strong> interesados pueden inscribirse desde el lunes 9 de enero.<\/strong><\/p>\n<p>&nbsp;<\/p>\n<p>Por consultas pueden acercarse de <strong>lunes a viernes de 08:00 a 12:3<\/strong>0 a la<strong> Casa de la Cultura<\/strong> (Coronel Su\u00e1rez 2924) o comunicarse telef\u00f3nicamente al<strong> 2284- 426043\/427180.<\/strong><\/p>\n<p>&nbsp;<\/p>\n<p><strong>Cronograma de actividades e inscripciones<\/strong><\/p>\n<p>&nbsp;<\/p>\n<p><strong>Escuela Municipal de Orfebrer\u00eda \u201cMtro. Armando Ferreira\u201d (Bol\u00edvar 3332)<\/strong><\/p>\n<ul>\n<li>Orfebrer\u00eda: lunes y martes de 18:00 a 22:30.<\/li>\n<li>Marroquiner\u00eda: Lunes y martes de 8:00 a 12:00.<\/li>\n<li>Cester\u00eda: martes de 7:00 a 11:00.<\/li>\n<li>Tallado en madera: jueves de 8:00 a 13:00.<\/li>\n<li>Telar, tejido e hilado: mi\u00e9rcoles y viernes de 8:00 a 12:00.<\/li>\n<li>Dibujo complementario a Tallado en Madera: jueves de 11:00 a 13:00.<\/li>\n<li>Dibujo complementario a Orfebrer\u00eda: lunes de 18:00 a 20:00.<\/li>\n<li>Taller de orfebrer\u00eda en el Museo Casa Hogar Loma Negra de 8:00 a 13:00.<\/li>\n<\/ul>\n<p><strong>Inscripciones: Lunes 16 de enero de 17:00 a 21:00 (personalmente) o al tel\u00e9fono 2284 &#8211; 443645.<\/strong><\/p>\n<p>&nbsp;<\/p>\n<p><strong>Escuela Municipal de M\u00fasica Hnos. Rossi (avenida Pringles 3027)<\/strong><\/p>\n<p>&nbsp;<\/p>\n<ul>\n<li>Talleres de guitarra, ukelele, bajo, bater\u00eda, piano, flauta, viol\u00edn, saxof\u00f3n, acorde\u00f3n, canto, percusi\u00f3n y ensambles.<\/li>\n<\/ul>\n<p>&nbsp;<\/p>\n<p><strong>Inscripciones: desde el lunes 16 de enero al viernes 20 de Enero de 19:00\u00a0 a 21:00 en avenida Pringles 3027 o al tel\u00e9fono 2284- 444014.<\/strong><\/p>\n<p>&nbsp;<\/p>\n<p><strong>Escuela Municipal de Artes Pl\u00e1sticas \u201cLeopoldo Boccazzi\u201d (San Martin y Pourtal\u00e9)<\/strong><\/p>\n<p>&nbsp;<\/p>\n<ul>\n<li>Talleres de dibujo y pintura en exteriores: martes y jueves de 18:00 a 20:00.<\/li>\n<\/ul>\n<p><strong>Inscripciones: a partir del lunes 9 de enero al 2284- 518913<\/strong><\/p>\n<p>&nbsp;<\/p>\n<p><strong>Escuela Art\u00edstica Integrada (Casa de Bicentenario: Bol\u00edvar y Cerrito)<\/strong><\/p>\n<p>&nbsp;<\/p>\n<ul>\n<li>Talleres de pl\u00e1stica, tridimensi\u00f3n, teatro, danza: mi\u00e9rcoles de 10:00 a 12:00.<\/li>\n<\/ul>\n<p><strong>Inscripciones: mi\u00e9rcoles 18 de enero de 10:00 a 12:00 en Casa de Bicentenario.<\/strong><\/p>\n<p>&nbsp;<\/p>\n<p><strong>Escuela Municipal de Danza<\/strong><\/p>\n<ul>\n<li>Danzas urbanas: Mi\u00e9rcoles de 19:00 a 21:00. Casa de Bicentenario.<\/li>\n<li>Danzas folkl\u00f3ricas tradicionales: Jueves de 19:00 a 20:30. Play\u00f3n de Casa de Bicentenario.<\/li>\n<li>Pilates y danzas cl\u00e1sicas: Viernes a las 19:00. Casa del Bicentenario.<\/li>\n<li>Zumba: Martes y Jueves a las 20:00. Casa de Bicentenario.<\/li>\n<\/ul>\n<p>&nbsp;<\/p>\n<p><strong>Inscripciones: Casa de Bicentenario de lunes a viernes de 9:00 a 13:00 o al tel\u00e9fono 2284- 418454.<\/strong><\/p>\n<ul>\n<li>Tap: Martes y Jueves 10:00. Centro Cultural San Jos\u00e9.<\/li>\n<li>Yoga: Martes y Jueves de 8:15 a 10:00 y Mi\u00e9rcoles de 17:00 a 19:00.Centro Cultural San Jos\u00e9.<\/li>\n<li>Danzas \u00e1rabes: Jueves 18:30.Centro Cultural San Jos\u00e9.<\/li>\n<\/ul>\n<p>&nbsp;<\/p>\n<p><strong>Inscripciones: Centro Cultural San Jos\u00e9 de lunes a viernes de 9:00 a 13:00 o al tel\u00e9fono 2284- 418801.<\/strong><\/p>\n<p>&nbsp;<\/p>\n<ul>\n<li>Taller de folklore: Danzas de proyecci\u00f3n y variantes de danzas folkl\u00f3ricas. Jueves de 18:30 a 19:30. Principiantes: viernes de 18:30 a 19:30. Danzas de Pe\u00f1as viernes de 19:30 a 20:30. Vered\u00f3n del Museo \u201cD\u00e1maso Arce\u201d <strong>sin inscripci\u00f3n previa.<\/strong><\/li>\n<\/ul>\n<p>&nbsp;<\/p>\n<p><strong>Escuela Municipal de Cer\u00e1mica sede Olavarr\u00eda<\/strong><\/p>\n<ul>\n<li>Taller Inicial: 8 y 15 de febrero de 17:30 a 19:30.<\/li>\n<li>Taller Avanzado 9 y 16 de febrero de 17:30 a 19:30.<\/li>\n<\/ul>\n<p>&nbsp;<\/p>\n<p><strong>Inscripciones: 25 y 26 de enero de 9:00 a 11:30 en Necochea 3328.<\/strong><\/p>\n<p>&nbsp;<\/p>\n<p><strong>Escuela Municipal de Cer\u00e1mica sede Sierras Bayas.\u00a0<\/strong><\/p>\n<ul>\n<li>Taller de t\u00e9cnicas decorativas: 6 y 13 de febrero de 17:30 a 19:30.<\/li>\n<\/ul>\n<p><strong>Inscripciones: 23 y 30 de enero de 9:00 a 11:30 en Roca y Alsina.<\/strong><\/p>\n<p>&nbsp;<\/p>\n<p><strong>Escuela Literaria Alfonsina<\/strong><\/p>\n<ul>\n<li>El valor de la palabra: Marit\u00e9 Dillon los jueves a las 18:30 en la Biblioteca Eseverri.<\/li>\n<li>Talleres de narrativa y de poes\u00eda: Ceferino Lazcano, Mabel Mart\u00ednez, Victoria Pesci, Nora Soll\u00e9 \u2013 Mi\u00e9rcoles 9:30 en el Centro Cultural San Jos\u00e9.<\/li>\n<li>Talleres para ni\u00f1os: M\u00f3nica Pezzino y Lucrecia Luna.<\/li>\n<li>Talleres de Colonia San Miguel y Sierras Bayas: jueves 17:00 en la Biblioteca Sierras Bayas.<\/li>\n<li>Talleres de Olavarr\u00eda: Martes en la Biblioteca Coty Laborde.<\/li>\n<\/ul>\n<p>&nbsp;<\/p>\n<p><strong>Inscripciones: al tel\u00e9fono 2284- 15634131.<\/strong><\/p>\n<p>&nbsp;<\/p>\n<p><strong>Escuela Municipal De Ajedrez<\/strong><\/p>\n<p>&nbsp;<\/p>\n<ul>\n<li>Clases de verano para principiantes y avanzados todos los viernes a partir de las 18:00 en el Museo de Ciencias.<\/li>\n<li>Torneos libres y p\u00fablicos todos los jueves a partir de las 18:00 en el Museo de Ciencias.<\/li>\n<li>Actividades de ajedrez en general para todo p\u00fablico, domingos de 18:00 a 20:00 en el Centro Cultural San Jos\u00e9.<\/li>\n<\/ul>\n<p>&nbsp;<\/p>\n<p><strong>Actividades en conjunto con otras entidades Municipales<\/strong><\/p>\n<ul>\n<li>En Verano Dorado clases y juegos para los interesados.<\/li>\n<li>Coordinaci\u00f3n con los centros de d\u00eda en el Complejo municipal de las piletas.<\/li>\n<li>Escuelas de verano Esc 6, N\u00ba24 y Esc 52, Lugar La M\u00e1xima.<\/li>\n<\/ul>\n<p>&nbsp;<\/p>\n<p><strong>Centro Cultural Sierras Bayas<\/strong><\/p>\n<p>Lunes 19 horas. Yoga (Profesora Luc\u00eda Span). 20 horas: Baile (fusi\u00f3n bachata, zumba , cardio) profesora Luc\u00eda Span.<\/p>\n<p>Martes: 19 horas. Danzas \u00e1rabes: profesoras Sara Abdala y Yesica Castillo.<\/p>\n<p>Jueves 16 horas. Deco interiores (profesora Marcela Barone). 19 horas Pl\u00e1stica para ni\u00f1os(profesora Marcela Barone).<\/p>\n<p>Viernes: 19 horas. Folclore tradicional (profesora Delia Ortega). 20 horas. Folclore estilizado (profesora Delia Ortega).<\/p>\n<p><strong>Inscripciones: al tel\u00e9fono 2284- 15646402<\/strong><\/p>\n<p>&nbsp;<\/p>\n<p><strong>Centro Cultural Hinojo<\/strong><\/p>\n<ul>\n<li>Tallado en madera: Lunes de 9:00 a 14:00.<\/li>\n<li>Yoga: Viernes de 18:00 a 20:00.<\/li>\n<\/ul>\n<p><strong>Inscripciones: de 9:00 a 13:00 al 2284- 15575080.<\/strong><\/p>\n","protected":false},"excerpt":{"rendered":"<p>Las actividades comenzar\u00e1n el lunes 16 de enero y estar\u00e1n hasta el 17 de febrero inclusive.<\/p>\n","protected":false},"author":6,"featured_media":74311,"comment_status":"closed","ping_status":"closed","sticky":false,"template":"","format":"standard","meta":{"_jetpack_memberships_contains_paid_content":false,"footnotes":""},"categories":[9,1],"tags":[],"class_list":["post-74310","post","type-post","status-publish","format-standard","has-post-thumbnail","hentry","category-cultura","category-portada"],"jetpack_featured_media_url":"https:\/\/i0.wp.com\/cdnoticias.com\/wp-content\/uploads\/2023\/01\/Cultura-Escuelas-Artisticas-2-1024x682-1.jpg?fit=1024%2C682&ssl=1","jetpack_sharing_enabled":true,"_links":{"self":[{"href":"https:\/\/cdnoticias.com\/index.php\/wp-json\/wp\/v2\/posts\/74310","targetHints":{"allow":["GET"]}}],"collection":[{"href":"https:\/\/cdnoticias.com\/index.php\/wp-json\/wp\/v2\/posts"}],"about":[{"href":"https:\/\/cdnoticias.com\/index.php\/wp-json\/wp\/v2\/types\/post"}],"author":[{"embeddable":true,"href":"https:\/\/cdnoticias.com\/index.php\/wp-json\/wp\/v2\/users\/6"}],"replies":[{"embeddable":true,"href":"https:\/\/cdnoticias.com\/index.php\/wp-json\/wp\/v2\/comments?post=74310"}],"version-history":[{"count":0,"href":"https:\/\/cdnoticias.com\/index.php\/wp-json\/wp\/v2\/posts\/74310\/revisions"}],"wp:featuredmedia":[{"embeddable":true,"href":"https:\/\/cdnoticias.com\/index.php\/wp-json\/wp\/v2\/media\/74311"}],"wp:attachment":[{"href":"https:\/\/cdnoticias.com\/index.php\/wp-json\/wp\/v2\/media?parent=74310"}],"wp:term":[{"taxonomy":"category","embeddable":true,"href":"https:\/\/cdnoticias.com\/index.php\/wp-json\/wp\/v2\/categories?post=74310"},{"taxonomy":"post_tag","embeddable":true,"href":"https:\/\/cdnoticias.com\/index.php\/wp-json\/wp\/v2\/tags?post=74310"}],"curies":[{"name":"wp","href":"https:\/\/api.w.org\/{rel}","templated":true}]}}