{"id":74306,"date":"2023-01-06T18:35:53","date_gmt":"2023-01-06T21:35:53","guid":{"rendered":"https:\/\/www.centraldenoticias.com.ar\/?p=74306"},"modified":"2023-01-06T18:38:33","modified_gmt":"2023-01-06T21:38:33","slug":"galli-es-importante-que-el-municipio-pueda-continuar-con-la-adquisicion-de-bienes-de-capital-que-son-de-todos-los-olavarrienses","status":"publish","type":"post","link":"https:\/\/cdnoticias.com\/index.php\/2023\/01\/06\/galli-es-importante-que-el-municipio-pueda-continuar-con-la-adquisicion-de-bienes-de-capital-que-son-de-todos-los-olavarrienses\/","title":{"rendered":"El Intendente realiz\u00f3 entrega de veh\u00edculos para dependencias municipales"},"content":{"rendered":"<p>&#8220;Es importante que el Municipio pueda continuar con la adquisici\u00f3n de bienes de capital que son de todos los olavarrienses\u201d remarc\u00f3 Galli.<br \/>\n<!--more--><\/p>\n<hr \/>\n<p>En la ma\u00f1ana de este viernes, el <strong>intendente Ezequiel Galli entreg\u00f3 veh\u00edculos 0 kil\u00f3metro<\/strong> recientemente adquiridos para <strong>diferentes dependencias municipales.<\/strong><\/p>\n<p>&nbsp;<\/p>\n<p>Estuvo acompa\u00f1ado por funcionarios e integrantes de las \u00e1reas de Discapacidad y Adultos Mayores, Espacios Verdes, Parque Automotor y Desarrollo Econ\u00f3mico, a quienes entreg\u00f3 las llaves de los autos y camionetas.<\/p>\n<p>&nbsp;<\/p>\n<p><em><strong>\u201cProducto de una administraci\u00f3n ordenada, estamos renovando, paulatinamente, la flota de veh\u00edculos del Municipio para que todas las \u00e1reas puedan desarrollar sus tareas de la mejor manera\u201d<\/strong><\/em> expres\u00f3 Galli.<\/p>\n<p>&nbsp;<\/p>\n<p>Por \u00faltimo, el Intendente remarc\u00f3 que <em><strong>&#8220;en un pa\u00eds que sufre un proceso inflacionario como el nuestro, es importante que el Municipio pueda continuar con la adquisici\u00f3n de bienes de capital que son de todos los olavarrienses\u201d.<\/strong><\/em><\/p>\n","protected":false},"excerpt":{"rendered":"<p>&#8220;Es importante que el Municipio pueda continuar con la adquisici\u00f3n de bienes de capital que son de todos los olavarrienses\u201d<\/p>\n","protected":false},"author":6,"featured_media":74307,"comment_status":"closed","ping_status":"closed","sticky":false,"template":"","format":"standard","meta":{"_jetpack_memberships_contains_paid_content":false,"footnotes":""},"categories":[5,1],"tags":[],"class_list":["post-74306","post","type-post","status-publish","format-standard","has-post-thumbnail","hentry","category-informacion-general","category-portada"],"jetpack_featured_media_url":"https:\/\/i0.wp.com\/cdnoticias.com\/wp-content\/uploads\/2023\/01\/Entrega-Vehiculos-Municipales-1-scaled-1.jpg?fit=2560%2C1711&ssl=1","jetpack_sharing_enabled":true,"_links":{"self":[{"href":"https:\/\/cdnoticias.com\/index.php\/wp-json\/wp\/v2\/posts\/74306","targetHints":{"allow":["GET"]}}],"collection":[{"href":"https:\/\/cdnoticias.com\/index.php\/wp-json\/wp\/v2\/posts"}],"about":[{"href":"https:\/\/cdnoticias.com\/index.php\/wp-json\/wp\/v2\/types\/post"}],"author":[{"embeddable":true,"href":"https:\/\/cdnoticias.com\/index.php\/wp-json\/wp\/v2\/users\/6"}],"replies":[{"embeddable":true,"href":"https:\/\/cdnoticias.com\/index.php\/wp-json\/wp\/v2\/comments?post=74306"}],"version-history":[{"count":0,"href":"https:\/\/cdnoticias.com\/index.php\/wp-json\/wp\/v2\/posts\/74306\/revisions"}],"wp:featuredmedia":[{"embeddable":true,"href":"https:\/\/cdnoticias.com\/index.php\/wp-json\/wp\/v2\/media\/74307"}],"wp:attachment":[{"href":"https:\/\/cdnoticias.com\/index.php\/wp-json\/wp\/v2\/media?parent=74306"}],"wp:term":[{"taxonomy":"category","embeddable":true,"href":"https:\/\/cdnoticias.com\/index.php\/wp-json\/wp\/v2\/categories?post=74306"},{"taxonomy":"post_tag","embeddable":true,"href":"https:\/\/cdnoticias.com\/index.php\/wp-json\/wp\/v2\/tags?post=74306"}],"curies":[{"name":"wp","href":"https:\/\/api.w.org\/{rel}","templated":true}]}}