{"id":7430,"date":"2020-11-25T13:57:06","date_gmt":"2020-11-25T16:57:06","guid":{"rendered":"http:\/\/www.centraldenoticias.com.ar\/?p=7430"},"modified":"2020-11-25T13:57:06","modified_gmt":"2020-11-25T16:57:06","slug":"decretan-tres-dias-de-duelo-por-la-muerte-de-maradona","status":"publish","type":"post","link":"https:\/\/cdnoticias.com\/index.php\/2020\/11\/25\/decretan-tres-dias-de-duelo-por-la-muerte-de-maradona\/","title":{"rendered":"Decretan tres d\u00edas de duelo por la muerte de Maradona"},"content":{"rendered":"<p>As\u00ed lo inform\u00f3 Presidencia de la Naci\u00f3n a minutos de haberse confirmado el fallecimiento del astro del f\u00fatbol.<!--more--><\/p>\n<hr \/>\n<p>Desde este mi\u00e9rcoles, a minutos de haberse conocido el<a href=\"https:\/\/cdnoticias.com\/index.php\/2020\/11\/25\/murio-diego-armando-maradona\/\" target=\"_blank\" rel=\"noopener\"> lamentable fallecimiento de Diego Armando Maradona<\/a>, <strong>Presidencia de la Naci\u00f3n decret\u00f3 tres d\u00edas de duelo<\/strong> por la p\u00e9rdida del astro del f\u00fatbol.<\/p>\n<p>&nbsp;<\/p>\n<blockquote><p>\u201cCon motivo del fallecimiento de Diego Armando Maradona, el Presidente de la Naci\u00f3n decretar\u00e1 tres d\u00edas de duelo nacional a partir del d\u00eda de la fecha\u201d se\u00f1al\u00f3 el brev\u00edsimo comunicado emitido desde el gobierno.<\/p><\/blockquote>\n<p>&nbsp;<\/p>\n<p>Maradona muri\u00f3 en horas del mediod\u00eda en la ciudad bonaerense de Tigre, Buenos Aires, mientras se recuperaba de una operaci\u00f3n en la cabeza. Sufri\u00f3 un paro cardiorrespiratorio.<\/p>\n<p>&nbsp;<\/p>\n<p>En paralelo, <strong>el presidente Alberto Fern\u00e1ndez le dio un sentido mensaje en las redes sociales para despedirse del 10<\/strong>: \u201cNos llevaste a lo m\u00e1s alto del mundo. Nos hiciste inmensamente felices. Fuiste el m\u00e1s grande de todos. Gracias por haber existido, Diego. Te vamos a extra\u00f1ar toda la vida\u201d se\u00f1al\u00f3 hace minutos.<\/p>\n<p>&nbsp;<\/p>\n<blockquote class=\"twitter-tweet\">\n<p dir=\"ltr\" lang=\"es\">Nos llevaste a lo m\u00e1s alto del mundo. Nos hiciste inmensamente felices. Fuiste el m\u00e1s grande de todos.<\/p>\n<p>Gracias por haber existido, Diego. Te vamos a extra\u00f1ar toda la vida. <a href=\"https:\/\/t.co\/pAf38sRlGC\">pic.twitter.com\/pAf38sRlGC<\/a><\/p>\n<p>\u2014 Alberto Fern\u00e1ndez (@alferdez) <a href=\"https:\/\/twitter.com\/alferdez\/status\/1331641720417751043?ref_src=twsrc%5Etfw\">November 25, 2020<\/a><\/p><\/blockquote>\n<p><script async src=\"https:\/\/platform.twitter.com\/widgets.js\" charset=\"utf-8\"><\/script><\/p>\n","protected":false},"excerpt":{"rendered":"<p>As\u00ed lo inform\u00f3 Presidencia de la Naci\u00f3n a minutos de haberse confirmado el fallecimiento del astro del f\u00fatbol.<\/p>\n","protected":false},"author":2,"featured_media":7431,"comment_status":"closed","ping_status":"closed","sticky":false,"template":"","format":"standard","meta":{"_jetpack_memberships_contains_paid_content":false,"footnotes":""},"categories":[6,1],"tags":[],"class_list":["post-7430","post","type-post","status-publish","format-standard","has-post-thumbnail","hentry","category-nacionales","category-portada"],"jetpack_featured_media_url":"https:\/\/i0.wp.com\/cdnoticias.com\/wp-content\/uploads\/2020\/11\/maradona-fernandez.jpg?fit=2048%2C1364&ssl=1","jetpack_sharing_enabled":true,"_links":{"self":[{"href":"https:\/\/cdnoticias.com\/index.php\/wp-json\/wp\/v2\/posts\/7430","targetHints":{"allow":["GET"]}}],"collection":[{"href":"https:\/\/cdnoticias.com\/index.php\/wp-json\/wp\/v2\/posts"}],"about":[{"href":"https:\/\/cdnoticias.com\/index.php\/wp-json\/wp\/v2\/types\/post"}],"author":[{"embeddable":true,"href":"https:\/\/cdnoticias.com\/index.php\/wp-json\/wp\/v2\/users\/2"}],"replies":[{"embeddable":true,"href":"https:\/\/cdnoticias.com\/index.php\/wp-json\/wp\/v2\/comments?post=7430"}],"version-history":[{"count":0,"href":"https:\/\/cdnoticias.com\/index.php\/wp-json\/wp\/v2\/posts\/7430\/revisions"}],"wp:featuredmedia":[{"embeddable":true,"href":"https:\/\/cdnoticias.com\/index.php\/wp-json\/wp\/v2\/media\/7431"}],"wp:attachment":[{"href":"https:\/\/cdnoticias.com\/index.php\/wp-json\/wp\/v2\/media?parent=7430"}],"wp:term":[{"taxonomy":"category","embeddable":true,"href":"https:\/\/cdnoticias.com\/index.php\/wp-json\/wp\/v2\/categories?post=7430"},{"taxonomy":"post_tag","embeddable":true,"href":"https:\/\/cdnoticias.com\/index.php\/wp-json\/wp\/v2\/tags?post=7430"}],"curies":[{"name":"wp","href":"https:\/\/api.w.org\/{rel}","templated":true}]}}