{"id":74291,"date":"2023-01-06T18:04:42","date_gmt":"2023-01-06T21:04:42","guid":{"rendered":"https:\/\/www.centraldenoticias.com.ar\/?p=74291"},"modified":"2023-01-06T19:03:12","modified_gmt":"2023-01-06T22:03:12","slug":"reyes-magos-las-ventas-minoristas-subieron-08-anual","status":"publish","type":"post","link":"https:\/\/cdnoticias.com\/index.php\/2023\/01\/06\/reyes-magos-las-ventas-minoristas-subieron-08-anual\/","title":{"rendered":"Reyes Magos: las ventas minoristas subieron 0,8% anual"},"content":{"rendered":"<p>El 72% de los comerciantes declar\u00f3 no haber registrado faltantes de mercader\u00eda para este d\u00eda especial y el 68% inform\u00f3 que realiz\u00f3 alguna promoci\u00f3n especial.<!--more--><\/p>\n<hr \/>\n<p>Las <strong>ventas de los comercios minoristas pymes<\/strong> por la llegada de los<strong> Reyes Magos subieron 0,8% frente a la misma fecha de 2022,<\/strong> medidas a precios constantes.<\/p>\n<p>&nbsp;<\/p>\n<p>Se indic\u00f3 que el <strong>72% de los comerciantes declar\u00f3 no haber registrado faltantes de mercader\u00eda<\/strong> para este d\u00eda especial y el <strong>68% inform\u00f3 que realiz\u00f3 alguna promoci\u00f3n especial.<\/strong><\/p>\n<p>&nbsp;<\/p>\n<p><img data-recalc-dims=\"1\" loading=\"lazy\" decoding=\"async\" class=\"aligncenter wp-image-74292 size-full\" src=\"https:\/\/i0.wp.com\/cdnoticias.com\/wp-content\/uploads\/2023\/01\/unnamed-2.png?resize=549%2C414&#038;ssl=1\" alt=\"\" width=\"549\" height=\"414\" srcset=\"https:\/\/i0.wp.com\/cdnoticias.com\/wp-content\/uploads\/2023\/01\/unnamed-2.png?w=549&amp;ssl=1 549w, https:\/\/i0.wp.com\/cdnoticias.com\/wp-content\/uploads\/2023\/01\/unnamed-2.png?resize=300%2C226&amp;ssl=1 300w\" sizes=\"auto, (max-width: 549px) 100vw, 549px\" \/><\/p>\n<p>&nbsp;<\/p>\n<p>Si bien Reyes hoy se limita a los segmentos de<strong> edades m\u00e1s peque\u00f1as,<\/strong> para los empresarios fue un motivo adicional para completar la venta de fin de a\u00f1o, especialmente en <strong>jugueter\u00edas y productos electr\u00f3nicos,<\/strong> que desde el lunes 2 de enero comenzaron a recibir p\u00fablico en busca de regalos. De todos modos, <strong>el 50% de los comercios consultados declar\u00f3 que vendi\u00f3 menos de lo esperado.<\/strong><\/p>\n<p>&nbsp;<\/p>\n<p>&#8220;La movida se extendi\u00f3 hacia aquellos centros tur\u00edsticos con predominancia de turismo familiar, especialmente el mismo jueves 5 de enero desde el inicio de la tarde, donde se pudo observar madres y padres sin hijos eligiendo obsequios&#8221; se inform\u00f3.<\/p>\n<p>&nbsp;<\/p>\n<p><img data-recalc-dims=\"1\" loading=\"lazy\" decoding=\"async\" class=\"aligncenter wp-image-74294 size-full\" src=\"https:\/\/i0.wp.com\/cdnoticias.com\/wp-content\/uploads\/2023\/01\/unnamed.png?resize=640%2C322&#038;ssl=1\" alt=\"\" width=\"640\" height=\"322\" srcset=\"https:\/\/i0.wp.com\/cdnoticias.com\/wp-content\/uploads\/2023\/01\/unnamed.png?w=640&amp;ssl=1 640w, https:\/\/i0.wp.com\/cdnoticias.com\/wp-content\/uploads\/2023\/01\/unnamed.png?resize=300%2C151&amp;ssl=1 300w\" sizes=\"auto, (max-width: 640px) 100vw, 640px\" \/><\/p>\n<p>&nbsp;<\/p>\n<p>El <strong>ticket promedio este a\u00f1o fue $7.353, un 79% m\u00e1s que el a\u00f1o pasado<\/strong>, que se explica casi todo por efecto precios. Las promociones fueron un ingrediente importante en esta ocasi\u00f3n, ya que el 68% de las empresas hizo alguna y contribuyeron a concretar la venta.<\/p>\n<p>&nbsp;<\/p>\n<p>As\u00ed surge del relevamiento realizado por CAME el<strong> 6 de enero en 193 comercios de 30 ciudades del pa\u00eds,<\/strong> incluyendo CABA y Gran Buenos Aires, por un equipo de 35 encuestadores.<\/p>\n<p>&nbsp;<\/p>\n<p><strong>Consideraciones destacadas por los comercios consultados<\/strong><\/p>\n<p>&nbsp;<\/p>\n<p><strong>Calzado: \u201c<\/strong>Se vendi\u00f3 poco, menos que en Navidad, pero mejor de lo esperado. Hubo poca gente en la calle, ya que se fueron todos de vacaciones. Pensamos que no se vender\u00eda nada, y por eso nos sorprendi\u00f3\u201d. (Comercio de Rosario, Santa Fe). La venta de calzado cay\u00f3 3,2% anual y el ticket promedio fue de $7.958. El 60% de los empresarios consultados se\u00f1al\u00f3 que vendi\u00f3 menos de lo esperado.<\/p>\n<p>&nbsp;<\/p>\n<p><strong>Equipos de audio y video, celulares y accesorios<\/strong>: \u201cLo m\u00e1s vendido fueron joystick, PlayStation y algunas PC gamers. Se vendi\u00f3 bien, pero menos de lo esperado por los faltantes de art\u00edculos importados\u201d (Comercio de Posadas, Misiones). Las ventas de este rubro crecieron 8,2% frente a Reyes 2022 y el ticket promedio se ubic\u00f3 en $9.152.<\/p>\n<p>&nbsp;<\/p>\n<p><strong>Indumentaria<\/strong>: \u201cEste Reyes estuvo mejor que otros por el Mundial. Lo que m\u00e1s vend\u00ed fueron camisetas de Argentina y tuve faltantes porque las f\u00e1bricas no dan abasto. Los precios fueron una locura\u201d (Comercio de Pergamino, Provincia de Buenos Aires). La venta de indumentaria cay\u00f3 12,2% frente a Reyes 2022 y la mitad de los comercios vendi\u00f3 menos de lo esperado. La otra mitad, lo esperado o m\u00e1s. El ticket promedi\u00f3 los $7.249.<\/p>\n<p>&nbsp;<\/p>\n<p><strong>Jugueter\u00edas:<\/strong> \u201cLas ventas estuvieron dentro de lo esperado, comenz\u00f3 lento, y remontaron el mismo 5 de enero por la tarde. Esperamos que se extiendan hasta el fin de semana\u201d (Comercio de Ciudad de Buenos Aires). Las ventas de ese rubro crecieron 3,8% anual y el ticket promedio fue $6.878. El 51% de los comercios vendi\u00f3 lo esperado o m\u00e1s y 49%, menos.<\/p>\n<p>&nbsp;<\/p>\n<p><strong>Librer\u00edas:<\/strong> \u201cLa gente compr\u00f3 lo m\u00e1s barato, por ejemplo, libros para pintar y lo acompa\u00f1aban con l\u00e1pices, fibras o creayones\u201d (Comercio de la ciudad de La Rioja). Las ventas cayeron 6,2% anual, siempre medidas a precios constantes, con el 54% de los comercios que vendieron por debajo de lo esperado. El ticket promedio fue $4.712.<\/p>\n<p>&nbsp;<\/p>\n<p><img data-recalc-dims=\"1\" loading=\"lazy\" decoding=\"async\" class=\"aligncenter wp-image-74293 size-full\" src=\"https:\/\/i0.wp.com\/cdnoticias.com\/wp-content\/uploads\/2023\/01\/unnamed-1.png?resize=661%2C248&#038;ssl=1\" alt=\"\" width=\"661\" height=\"248\" srcset=\"https:\/\/i0.wp.com\/cdnoticias.com\/wp-content\/uploads\/2023\/01\/unnamed-1.png?w=661&amp;ssl=1 661w, https:\/\/i0.wp.com\/cdnoticias.com\/wp-content\/uploads\/2023\/01\/unnamed-1.png?resize=300%2C113&amp;ssl=1 300w\" sizes=\"auto, (max-width: 661px) 100vw, 661px\" \/><\/p>\n<p>&nbsp;<\/p>\n<p>&nbsp;<\/p>\n<p>&nbsp;<\/p>\n","protected":false},"excerpt":{"rendered":"<p>El 72% de los comerciantes declar\u00f3 no haber registrado faltantes de mercader\u00eda para este d\u00eda especial y el 68% inform\u00f3<\/p>\n","protected":false},"author":6,"featured_media":867,"comment_status":"closed","ping_status":"closed","sticky":false,"template":"","format":"standard","meta":{"_jetpack_memberships_contains_paid_content":false,"footnotes":""},"categories":[5,1],"tags":[],"class_list":["post-74291","post","type-post","status-publish","format-standard","has-post-thumbnail","hentry","category-informacion-general","category-portada"],"jetpack_featured_media_url":"https:\/\/i0.wp.com\/cdnoticias.com\/wp-content\/uploads\/2020\/09\/comercios.jpg?fit=938%2C552&ssl=1","jetpack_sharing_enabled":true,"_links":{"self":[{"href":"https:\/\/cdnoticias.com\/index.php\/wp-json\/wp\/v2\/posts\/74291","targetHints":{"allow":["GET"]}}],"collection":[{"href":"https:\/\/cdnoticias.com\/index.php\/wp-json\/wp\/v2\/posts"}],"about":[{"href":"https:\/\/cdnoticias.com\/index.php\/wp-json\/wp\/v2\/types\/post"}],"author":[{"embeddable":true,"href":"https:\/\/cdnoticias.com\/index.php\/wp-json\/wp\/v2\/users\/6"}],"replies":[{"embeddable":true,"href":"https:\/\/cdnoticias.com\/index.php\/wp-json\/wp\/v2\/comments?post=74291"}],"version-history":[{"count":0,"href":"https:\/\/cdnoticias.com\/index.php\/wp-json\/wp\/v2\/posts\/74291\/revisions"}],"wp:featuredmedia":[{"embeddable":true,"href":"https:\/\/cdnoticias.com\/index.php\/wp-json\/wp\/v2\/media\/867"}],"wp:attachment":[{"href":"https:\/\/cdnoticias.com\/index.php\/wp-json\/wp\/v2\/media?parent=74291"}],"wp:term":[{"taxonomy":"category","embeddable":true,"href":"https:\/\/cdnoticias.com\/index.php\/wp-json\/wp\/v2\/categories?post=74291"},{"taxonomy":"post_tag","embeddable":true,"href":"https:\/\/cdnoticias.com\/index.php\/wp-json\/wp\/v2\/tags?post=74291"}],"curies":[{"name":"wp","href":"https:\/\/api.w.org\/{rel}","templated":true}]}}