{"id":7424,"date":"2020-11-25T13:22:42","date_gmt":"2020-11-25T16:22:42","guid":{"rendered":"http:\/\/www.centraldenoticias.com.ar\/?p=7424"},"modified":"2020-11-25T13:22:42","modified_gmt":"2020-11-25T16:22:42","slug":"vacunacion-por-covid-comenzara-en-la-primera-quincena-de-enero","status":"publish","type":"post","link":"https:\/\/cdnoticias.com\/index.php\/2020\/11\/25\/vacunacion-por-covid-comenzara-en-la-primera-quincena-de-enero\/","title":{"rendered":"Vacunaci\u00f3n por COVID: comenzar\u00e1 en la primera quincena de enero"},"content":{"rendered":"<p>As\u00ed lo anunci\u00f3 el ministro de Salud de la Naci\u00f3n, Gin\u00e9s Gonz\u00e1lez Garc\u00eda. Hubo una reuni\u00f3n del \u201cComit\u00e9 de Vacunaci\u00f3n\u201d que particip\u00f3 el presidente.<!--more--><\/p>\n<hr \/>\n<p>En la jornada del martes se realiz\u00f3 la primera reuni\u00f3n del Comit\u00e9 de Vacunaci\u00f3n encabezada por el presidente de la Naci\u00f3n, Alberto Fern\u00e1ndez. All\u00ed, se adelant\u00f3 que la vacunaci\u00f3n por COVID comenzar\u00e1 en la primera quincena de enero.<\/p>\n<p>&nbsp;<\/p>\n<p>As\u00ed lo se\u00f1al\u00f3 el ministro de Salud, Gin\u00e9s Gonz\u00e1lez Garc\u00eda, quien asegur\u00f3 que \u201clo primero ser\u00e1 eliminar la mortalidad en los grupos de riesgo y luego extender\u201d la inoculaci\u00f3n \u201ca la poblaci\u00f3n para que no se mantengan los contagios y se corte la cadena de transmisi\u00f3n\u201d.<\/p>\n<p>&nbsp;<\/p>\n<p>Ser\u00e1n, en cifras, \u201cm\u00e1s de 12 millones de personas entre grupos de riesgo y personal estrat\u00e9gico, personas de m\u00e1s de 60 a\u00f1os, docentes, personal de salud, Fuerzas Armadas y de seguridad, que ser\u00e1n vacunados en primera instancia\u201d.<\/p>\n<p>&nbsp;<\/p>\n<p>El ministro indic\u00f3 que el Gobierno firm\u00f3 contrato a trav\u00e9s del mecanismo internacional Covax por 9 millones de dosis y con Oxford-AstraZeneca por 22 millones, adem\u00e1s de los convenios con la rusa Sputnik V y con Pfizer, \u201cque son las primeras que estar\u00edan\u201d disponibles, a la vez que destac\u00f3 que \u201chay vacunas que son una sola dosis y son una ventaja\u201d.<\/p>\n","protected":false},"excerpt":{"rendered":"<p>As\u00ed lo anunci\u00f3 el ministro de Salud de la Naci\u00f3n, Gin\u00e9s Gonz\u00e1lez Garc\u00eda. Hubo una reuni\u00f3n del \u201cComit\u00e9 de Vacunaci\u00f3n\u201d<\/p>\n","protected":false},"author":2,"featured_media":7425,"comment_status":"closed","ping_status":"closed","sticky":false,"template":"","format":"standard","meta":{"_jetpack_memberships_contains_paid_content":false,"footnotes":""},"categories":[6,1],"tags":[],"class_list":["post-7424","post","type-post","status-publish","format-standard","has-post-thumbnail","hentry","category-nacionales","category-portada"],"jetpack_featured_media_url":"https:\/\/i0.wp.com\/cdnoticias.com\/wp-content\/uploads\/2020\/11\/vacunacion.jpeg?fit=1200%2C675&ssl=1","jetpack_sharing_enabled":true,"_links":{"self":[{"href":"https:\/\/cdnoticias.com\/index.php\/wp-json\/wp\/v2\/posts\/7424","targetHints":{"allow":["GET"]}}],"collection":[{"href":"https:\/\/cdnoticias.com\/index.php\/wp-json\/wp\/v2\/posts"}],"about":[{"href":"https:\/\/cdnoticias.com\/index.php\/wp-json\/wp\/v2\/types\/post"}],"author":[{"embeddable":true,"href":"https:\/\/cdnoticias.com\/index.php\/wp-json\/wp\/v2\/users\/2"}],"replies":[{"embeddable":true,"href":"https:\/\/cdnoticias.com\/index.php\/wp-json\/wp\/v2\/comments?post=7424"}],"version-history":[{"count":0,"href":"https:\/\/cdnoticias.com\/index.php\/wp-json\/wp\/v2\/posts\/7424\/revisions"}],"wp:featuredmedia":[{"embeddable":true,"href":"https:\/\/cdnoticias.com\/index.php\/wp-json\/wp\/v2\/media\/7425"}],"wp:attachment":[{"href":"https:\/\/cdnoticias.com\/index.php\/wp-json\/wp\/v2\/media?parent=7424"}],"wp:term":[{"taxonomy":"category","embeddable":true,"href":"https:\/\/cdnoticias.com\/index.php\/wp-json\/wp\/v2\/categories?post=7424"},{"taxonomy":"post_tag","embeddable":true,"href":"https:\/\/cdnoticias.com\/index.php\/wp-json\/wp\/v2\/tags?post=7424"}],"curies":[{"name":"wp","href":"https:\/\/api.w.org\/{rel}","templated":true}]}}