{"id":74229,"date":"2023-01-06T17:32:35","date_gmt":"2023-01-06T20:32:35","guid":{"rendered":"https:\/\/www.centraldenoticias.com.ar\/?p=74229"},"modified":"2023-01-06T17:32:35","modified_gmt":"2023-01-06T20:32:35","slug":"previaje-4-para-2023-cuando-sera-y-como-se-implementara","status":"publish","type":"post","link":"https:\/\/cdnoticias.com\/index.php\/2023\/01\/06\/previaje-4-para-2023-cuando-sera-y-como-se-implementara\/","title":{"rendered":"Previaje 4 para 2023: cu\u00e1ndo ser\u00e1 y c\u00f3mo se implementar\u00e1"},"content":{"rendered":"<p>El Gobierno avanza en una nueva edici\u00f3n del programa para fomentar el turismo interno, tras la temporada de verano.<!--more--><\/p>\n<hr \/>\n<p>El <strong>ministro de Turismo y Deporte, Mat\u00edas Lammens,<\/strong> confirm\u00f3 que este a\u00f1o<strong> habr\u00e1 una cuarta edici\u00f3n del programa Previaje,<\/strong> que busca promover el turismo interno al devolver un porcentaje de las compras realizadas en el sector, en forma de cr\u00e9dito para gastar en turismo, ocio y entretenimiento.<\/p>\n<p>&nbsp;<\/p>\n<p>El sistema implementado por el Gobierno continuar\u00e1 en una cuarta etapa durante el primer semestre, seg\u00fan est\u00e1 contemplado en el Presupuesto de 2023, aunque <strong>ser\u00e1 en temporada baja y tras el verano que actualmente moviliza a miles de argentinos.<\/strong><\/p>\n<p>&nbsp;<\/p>\n<p>\u201cVa a ser una herramienta fundamental para el turismo, que encabeza la recuperaci\u00f3n econ\u00f3mica de la argentina\u201d adelant\u00f3 Lammens, quien asegur\u00f3 que la idea es que el programa se desarrolle en la temporada baja para permitir \u201cque los empresarios tengan un buen nivel de facturaci\u00f3n durante todo el a\u00f1o\u201d.<\/p>\n<p>&nbsp;<\/p>\n<p>Seg\u00fan Lammens, la pr\u00f3xima edici\u00f3n del programa podr\u00eda llegar <strong>\u201centre mayo y junio que son los meses m\u00e1s bajos\u201d<\/strong> y as\u00ed permitir \u201c<strong>una buena afluencia de turistas por todo el pa\u00eds<\/strong>\u201d. Lo cierto es que la fecha va a depender de la capacidad que tenga el programa.<\/p>\n<p>&nbsp;<\/p>\n<p>Si bien todav\u00eda est\u00e1 en an\u00e1lisis, se estima que <strong>se establecer\u00e1n nuevos valores en los precios para cada categor\u00eda y cada regi\u00f3n en los hoteles.<\/strong> Es decir, que los complejos tur\u00edsticos deber\u00e1n respetar un listado de precios m\u00e1ximos de acuerdo a su categor\u00eda que ser\u00e1n pautados oportunamente.<\/p>\n<p>&nbsp;<\/p>\n<p>En la \u00faltima edici\u00f3n del PreViaje, el monto l\u00edmite de devoluci\u00f3n fue de $ 70.000 por persona mayor de 18 a\u00f1os en gastos en alojamiento, transporte aerocomercial regular de cabotaje y transporte terrestre. El reintegro en otros servicios como alquiler de autom\u00f3viles fue de $ 5.000 como m\u00e1ximo.<\/p>\n<p>&nbsp;<\/p>\n<p>El <strong>sistema devuelve el 50% de las compras<\/strong> en servicios de turismo dentro del pa\u00eds, para que ese dinero vuelva a ser utilizado en nuevas compras en comercios y servicios adheridos en el destino elegido.<\/p>\n<p>&nbsp;<\/p>\n<p><em>Fuente: DIB\u00a0<\/em><\/p>\n","protected":false},"excerpt":{"rendered":"<p>El Gobierno avanza en una nueva edici\u00f3n del programa para fomentar el turismo interno, tras la temporada de verano.<\/p>\n","protected":false},"author":6,"featured_media":74230,"comment_status":"closed","ping_status":"closed","sticky":false,"template":"","format":"standard","meta":{"_jetpack_memberships_contains_paid_content":false,"footnotes":""},"categories":[6,1],"tags":[],"class_list":["post-74229","post","type-post","status-publish","format-standard","has-post-thumbnail","hentry","category-nacionales","category-portada"],"jetpack_featured_media_url":"https:\/\/i0.wp.com\/cdnoticias.com\/wp-content\/uploads\/2023\/01\/previaje.jpg?fit=696%2C445&ssl=1","jetpack_sharing_enabled":true,"_links":{"self":[{"href":"https:\/\/cdnoticias.com\/index.php\/wp-json\/wp\/v2\/posts\/74229","targetHints":{"allow":["GET"]}}],"collection":[{"href":"https:\/\/cdnoticias.com\/index.php\/wp-json\/wp\/v2\/posts"}],"about":[{"href":"https:\/\/cdnoticias.com\/index.php\/wp-json\/wp\/v2\/types\/post"}],"author":[{"embeddable":true,"href":"https:\/\/cdnoticias.com\/index.php\/wp-json\/wp\/v2\/users\/6"}],"replies":[{"embeddable":true,"href":"https:\/\/cdnoticias.com\/index.php\/wp-json\/wp\/v2\/comments?post=74229"}],"version-history":[{"count":0,"href":"https:\/\/cdnoticias.com\/index.php\/wp-json\/wp\/v2\/posts\/74229\/revisions"}],"wp:featuredmedia":[{"embeddable":true,"href":"https:\/\/cdnoticias.com\/index.php\/wp-json\/wp\/v2\/media\/74230"}],"wp:attachment":[{"href":"https:\/\/cdnoticias.com\/index.php\/wp-json\/wp\/v2\/media?parent=74229"}],"wp:term":[{"taxonomy":"category","embeddable":true,"href":"https:\/\/cdnoticias.com\/index.php\/wp-json\/wp\/v2\/categories?post=74229"},{"taxonomy":"post_tag","embeddable":true,"href":"https:\/\/cdnoticias.com\/index.php\/wp-json\/wp\/v2\/tags?post=74229"}],"curies":[{"name":"wp","href":"https:\/\/api.w.org\/{rel}","templated":true}]}}