{"id":74149,"date":"2023-01-05T10:42:47","date_gmt":"2023-01-05T13:42:47","guid":{"rendered":"https:\/\/www.centraldenoticias.com.ar\/?p=74149"},"modified":"2023-01-05T10:42:47","modified_gmt":"2023-01-05T13:42:47","slug":"este-jueves-llegan-los-reyes-magos-a-sierras-bayas","status":"publish","type":"post","link":"https:\/\/cdnoticias.com\/index.php\/2023\/01\/05\/este-jueves-llegan-los-reyes-magos-a-sierras-bayas\/","title":{"rendered":"Este jueves llegan los Reyes Magos a Sierras Bayas"},"content":{"rendered":"<p>Las actividades se desarrollar\u00e1n desde las 19:30. La tradicional bajada de los Reyes Magos ser\u00e1 alrededor de las 22:00. El cierre estar\u00e1 a cargo de La Bomba de Tiempo.<!--more--><\/p>\n<hr \/>\n<p>Este jueves se llevar\u00e1 a cabo la tradicional <strong>Fiesta Provincial de los Reyes Magos en Sierras Bayas.<\/strong> Se trata de la edici\u00f3n n\u00famero 59 y contar\u00e1 con numerosas actividades.<\/p>\n<p>&nbsp;<\/p>\n<p>Seg\u00fan manifestaron los organizadores de la fiesta popular, <strong>a partir de las 17:00 estar\u00e1n presentes los puestos de artesanos.<\/strong> Adem\u00e1s, <strong>desde las 19:30 iniciar\u00e1n las actividades art\u00edsticas, de reconocimiento y el Pesebre Viviente.<\/strong><\/p>\n<p>&nbsp;<\/p>\n<p><strong>La bajada de los Reyes Magos est\u00e1 prevista para las 22:00.<\/strong> All\u00ed, se realizar\u00e1 la entrega de juguetes. Recordaron que las cartitas para los Reyes se reciben hasta las 20:00 de este jueves en el sal\u00f3n parroquial.<\/p>\n<p>&nbsp;<\/p>\n<p>La jornada culminar\u00e1 con la presentaci\u00f3n de <strong>La Bomba de Tiempo<\/strong>, un reconocido grupo de percusi\u00f3n creado por Santiago V\u00e1zquez en 2006.<\/p>\n<p>&nbsp;<\/p>\n<p><img data-recalc-dims=\"1\" loading=\"lazy\" decoding=\"async\" class=\"aligncenter size-full wp-image-74152\" src=\"https:\/\/i0.wp.com\/cdnoticias.com\/wp-content\/uploads\/2023\/01\/bomba-de-tiempo.jpg?resize=800%2C800&#038;ssl=1\" alt=\"\" width=\"800\" height=\"800\" srcset=\"https:\/\/i0.wp.com\/cdnoticias.com\/wp-content\/uploads\/2023\/01\/bomba-de-tiempo.jpg?w=1280&amp;ssl=1 1280w, https:\/\/i0.wp.com\/cdnoticias.com\/wp-content\/uploads\/2023\/01\/bomba-de-tiempo.jpg?resize=300%2C300&amp;ssl=1 300w, https:\/\/i0.wp.com\/cdnoticias.com\/wp-content\/uploads\/2023\/01\/bomba-de-tiempo.jpg?resize=1024%2C1024&amp;ssl=1 1024w, https:\/\/i0.wp.com\/cdnoticias.com\/wp-content\/uploads\/2023\/01\/bomba-de-tiempo.jpg?resize=150%2C150&amp;ssl=1 150w, https:\/\/i0.wp.com\/cdnoticias.com\/wp-content\/uploads\/2023\/01\/bomba-de-tiempo.jpg?resize=768%2C768&amp;ssl=1 768w\" sizes=\"auto, (max-width: 800px) 100vw, 800px\" \/><\/p>\n<p>&nbsp;<\/p>\n<p><strong>Cronograma completo:<\/strong><\/p>\n<p>&nbsp;<\/p>\n<p>17: inauguraci\u00f3n de paseo de artesanos.<\/p>\n<p>&nbsp;<\/p>\n<p>19:30: Canta Gonzalo Salicio.<\/p>\n<p>&nbsp;<\/p>\n<p>20:00: Reconocimiento a Soldados Continentales de Malvinas.<\/p>\n<p>&nbsp;<\/p>\n<p>20:15: Show infantil con Caty Weslate.<\/p>\n<p>&nbsp;<\/p>\n<p>21:00: Bendici\u00f3n del diacono Sergio Urrutia.<\/p>\n<p>&nbsp;<\/p>\n<p>21:15: Pesebre viviente.<\/p>\n<p>&nbsp;<\/p>\n<p>22: Bajada de reyes magos.<\/p>\n<p>&nbsp;<\/p>\n<p>23:30: show de fuegos artificiales de bajo impacto sonoro.<\/p>\n<p>&nbsp;<\/p>\n<p>23:40: Cierre con La Bomba de Tiempo.<\/p>\n","protected":false},"excerpt":{"rendered":"<p>Las actividades se desarrollar\u00e1n desde las 19:30. La tradicional bajada de los Reyes Magos ser\u00e1 alrededor de las 22:00. El<\/p>\n","protected":false},"author":5,"featured_media":43441,"comment_status":"closed","ping_status":"closed","sticky":false,"template":"","format":"standard","meta":{"_jetpack_memberships_contains_paid_content":false,"footnotes":""},"categories":[9,1],"tags":[],"class_list":["post-74149","post","type-post","status-publish","format-standard","has-post-thumbnail","hentry","category-cultura","category-portada"],"jetpack_featured_media_url":"https:\/\/i0.wp.com\/cdnoticias.com\/wp-content\/uploads\/2022\/01\/fiesta-de-reyes-magos-cultura-de-la-nacion0.jpg?fit=800%2C445&ssl=1","jetpack_sharing_enabled":true,"_links":{"self":[{"href":"https:\/\/cdnoticias.com\/index.php\/wp-json\/wp\/v2\/posts\/74149","targetHints":{"allow":["GET"]}}],"collection":[{"href":"https:\/\/cdnoticias.com\/index.php\/wp-json\/wp\/v2\/posts"}],"about":[{"href":"https:\/\/cdnoticias.com\/index.php\/wp-json\/wp\/v2\/types\/post"}],"author":[{"embeddable":true,"href":"https:\/\/cdnoticias.com\/index.php\/wp-json\/wp\/v2\/users\/5"}],"replies":[{"embeddable":true,"href":"https:\/\/cdnoticias.com\/index.php\/wp-json\/wp\/v2\/comments?post=74149"}],"version-history":[{"count":0,"href":"https:\/\/cdnoticias.com\/index.php\/wp-json\/wp\/v2\/posts\/74149\/revisions"}],"wp:featuredmedia":[{"embeddable":true,"href":"https:\/\/cdnoticias.com\/index.php\/wp-json\/wp\/v2\/media\/43441"}],"wp:attachment":[{"href":"https:\/\/cdnoticias.com\/index.php\/wp-json\/wp\/v2\/media?parent=74149"}],"wp:term":[{"taxonomy":"category","embeddable":true,"href":"https:\/\/cdnoticias.com\/index.php\/wp-json\/wp\/v2\/categories?post=74149"},{"taxonomy":"post_tag","embeddable":true,"href":"https:\/\/cdnoticias.com\/index.php\/wp-json\/wp\/v2\/tags?post=74149"}],"curies":[{"name":"wp","href":"https:\/\/api.w.org\/{rel}","templated":true}]}}