{"id":74141,"date":"2023-01-05T08:52:25","date_gmt":"2023-01-05T11:52:25","guid":{"rendered":"https:\/\/www.centraldenoticias.com.ar\/?p=74141"},"modified":"2023-01-05T08:52:25","modified_gmt":"2023-01-05T11:52:25","slug":"primer-curso-de-manipulacion-de-alimentos-del-ano","status":"publish","type":"post","link":"https:\/\/cdnoticias.com\/index.php\/2023\/01\/05\/primer-curso-de-manipulacion-de-alimentos-del-ano\/","title":{"rendered":"Primer curso de manipulaci\u00f3n de alimentos del a\u00f1o"},"content":{"rendered":"<p>Habr\u00e1 tiempo para inscribirse hasta el 29 de enero. La capacitaci\u00f3n comenzar\u00e1 el 2 de febrero.<!--more--><\/p>\n<hr \/>\n<p>Desde la <strong>Direcci\u00f3n de Bromatolog\u00eda de la Municipalidad de Olavarr\u00eda<\/strong> se inform\u00f3 que se abre la inscripci\u00f3n para un nuevo <strong>curso virtual de manipulaci\u00f3n de alimentos<\/strong>, el primero del 2023.<\/p>\n<p>&nbsp;<\/p>\n<p>Se enfatiz\u00f3, a la par, que <strong>durante el a\u00f1o pasado se capacit\u00f3 a m\u00e1s de 1000 personas<\/strong> en el curso que, en caso de aprobar, permite acceder a un <strong>carnet de manipulador de alimentos con validez en todo el territorio nacional.<\/strong><\/p>\n<p>&nbsp;<\/p>\n<p>Al respecto, se record\u00f3 que <strong>es obligatorio para quienes trabajan en autoempleo, en relaci\u00f3n de dependencia y\/o quienes son titulares de las razones sociales que tienen a cargo establecimientos productores\/elaboradores\/comercializadores de alimentos.<\/strong><\/p>\n<p>&nbsp;<\/p>\n<p>Las personas interesadas podr\u00e1n anotarse mediante un formulario al que se accede a trav\u00e9s de la <a href=\"https:\/\/www.olavarria.gov.ar\/\" target=\"_blank\" rel=\"noopener\">p\u00e1gina web del municipio<\/a>, mediante el bot\u00f3n correspondiente ubicado sobre el margen derecho, o <a href=\"https:\/\/docs.google.com\/forms\/d\/1Nc7HVJz6IsvX-fdTYYyAlxacm4-On31UScU4Y6kcwdg\/viewform?edit_requested=true\" target=\"_blank\" rel=\"noopener\">haciendo click aqu\u00ed.<\/a><\/p>\n<p>&nbsp;<\/p>\n<p><strong>El plazo para inscribirse ser\u00e1 hasta el 29 de enero, debido a que el curso comenzar\u00e1 el 2 de febrero.<\/strong> Ante cualquier duda comunicarse via mail a: yanina.suarez@olavarria.edu.ar o por tel\u00e9fono al 2284-423737.<\/p>\n","protected":false},"excerpt":{"rendered":"<p>Habr\u00e1 tiempo para inscribirse hasta el 29 de enero. La capacitaci\u00f3n comenzar\u00e1 el 2 de febrero.<\/p>\n","protected":false},"author":5,"featured_media":45684,"comment_status":"closed","ping_status":"closed","sticky":false,"template":"","format":"standard","meta":{"_jetpack_memberships_contains_paid_content":false,"footnotes":""},"categories":[5,1],"tags":[],"class_list":["post-74141","post","type-post","status-publish","format-standard","has-post-thumbnail","hentry","category-informacion-general","category-portada"],"jetpack_featured_media_url":"https:\/\/i0.wp.com\/cdnoticias.com\/wp-content\/uploads\/2022\/02\/Alimentos.jpg?fit=700%2C420&ssl=1","jetpack_sharing_enabled":true,"_links":{"self":[{"href":"https:\/\/cdnoticias.com\/index.php\/wp-json\/wp\/v2\/posts\/74141","targetHints":{"allow":["GET"]}}],"collection":[{"href":"https:\/\/cdnoticias.com\/index.php\/wp-json\/wp\/v2\/posts"}],"about":[{"href":"https:\/\/cdnoticias.com\/index.php\/wp-json\/wp\/v2\/types\/post"}],"author":[{"embeddable":true,"href":"https:\/\/cdnoticias.com\/index.php\/wp-json\/wp\/v2\/users\/5"}],"replies":[{"embeddable":true,"href":"https:\/\/cdnoticias.com\/index.php\/wp-json\/wp\/v2\/comments?post=74141"}],"version-history":[{"count":0,"href":"https:\/\/cdnoticias.com\/index.php\/wp-json\/wp\/v2\/posts\/74141\/revisions"}],"wp:featuredmedia":[{"embeddable":true,"href":"https:\/\/cdnoticias.com\/index.php\/wp-json\/wp\/v2\/media\/45684"}],"wp:attachment":[{"href":"https:\/\/cdnoticias.com\/index.php\/wp-json\/wp\/v2\/media?parent=74141"}],"wp:term":[{"taxonomy":"category","embeddable":true,"href":"https:\/\/cdnoticias.com\/index.php\/wp-json\/wp\/v2\/categories?post=74141"},{"taxonomy":"post_tag","embeddable":true,"href":"https:\/\/cdnoticias.com\/index.php\/wp-json\/wp\/v2\/tags?post=74141"}],"curies":[{"name":"wp","href":"https:\/\/api.w.org\/{rel}","templated":true}]}}