{"id":74115,"date":"2023-01-04T19:10:44","date_gmt":"2023-01-04T22:10:44","guid":{"rendered":"https:\/\/www.centraldenoticias.com.ar\/?p=74115"},"modified":"2023-01-04T19:54:26","modified_gmt":"2023-01-04T22:54:26","slug":"fiscal-serrano-prefiero-trabajar-sobre-seguro-y-no-ir-con-los-tiempos-que-otros-tienen","status":"publish","type":"post","link":"https:\/\/cdnoticias.com\/index.php\/2023\/01\/04\/fiscal-serrano-prefiero-trabajar-sobre-seguro-y-no-ir-con-los-tiempos-que-otros-tienen\/","title":{"rendered":"Fiscal Serrano: \u201cPrefiero trabajar sobre seguro y no ir con los tiempos que otros tienen\u201d"},"content":{"rendered":"<p>La encargada de la causa por la venta ilegal de terrenos habl\u00f3 tras la falta de novedades en la causa y, adem\u00e1s, tras el atrincheramiento de Claudio Peralta, uno de los imputados. <!--more--><\/p>\n<hr \/>\n<p>Luego del regreso a la agenda de la <strong>causa por la venta ilegal de terrenos con varias menciones en el cierre del 2022<\/strong>, <a href=\"https:\/\/cdnoticias.com\/index.php\/2023\/01\/02\/un-hombre-se-atrinchero-en-un-comercio-y-pide-dialogar-con-autoridades\/\" target=\"_blank\" rel=\"noopener\">el atrincheramiento de Claudio Peralta<\/a> y <a href=\"https:\/\/cdnoticias.com\/index.php\/2023\/01\/03\/causa-terrenos-silencios-que-aturden-y-una-justicia-que-no-da-respuesta\/\" target=\"_blank\" rel=\"noopener\">las repercusiones pol\u00edticas<\/a>, <strong>la fiscal de la investigaci\u00f3n, Paula Serrano<\/strong>, dialog\u00f3 con la periodista Claudia Bilbao en su programa &#8220;Desayuno con Noticias&#8221; por Radio M de los avances y <strong>se\u00f1al\u00f3 qu\u00e9 sucedi\u00f3 en todo este tiempo sin grandes novedades.<\/strong><\/p>\n<p>&nbsp;<\/p>\n<p>En primera instancia, aclar\u00f3 que es una causa compleja y con \u201cribetes pol\u00edticos\u201d y <strong>se defendi\u00f3 de los cuestionamientos acerca de su demora en avanzar con la causa<\/strong>: <em>\u201cNing\u00fan sector pol\u00edtico vino a ver la causa, salvo el Municipio que est\u00e1 presentado como particular damnificado. De los que hablan ninguno vio la causa\u201d.<\/em><\/p>\n<p>&nbsp;<\/p>\n<p>Indic\u00f3 que quienes pidieron respuestas \u201c<em>est\u00e1n hablando con un desconocimiento absoluto. Todo el a\u00f1o desde que se hicieron los allanamientos hasta octubre, d\u00eda por medio estuvieron viniendo una, dos o tres personas que hicieron operaciones con Peralta para contar su situaci\u00f3n\u201d.<\/em><\/p>\n<p>&nbsp;<\/p>\n<blockquote><p>\u201cAlgunas son v\u00edctimas, otras son testigos y algunas se podr\u00eda decir que son participes de la maniobra porque de sus propios aportes surge que le exig\u00edan a Peralta que les entregue los terrenos. Hay que deslindar cada uno que rol jug\u00f3 en el marco de la causa\u201d.<\/p><\/blockquote>\n<p>&nbsp;<\/p>\n<p>Con respecto al resultado de los allanamientos realizados en el mes de marzo del a\u00f1o pasado<strong><em> \u201cse estuvo trabajando con las pericias de los tel\u00e9fonos: hay que hacer un entrecruzamiento de las comunicaciones entre los involucrados\u201d.<\/em><\/strong><\/p>\n<p>&nbsp;<\/p>\n<p>Admiti\u00f3 que por la complejidad de testimonios y la cantidad de damnificado<em><strong>s \u201cno es tan sencillo formular una imputaci\u00f3n anticipada que despu\u00e9s podr\u00eda requerir ampliaciones. Yo prefiero trabajar sobre seguro y no ir con los tiempos que otros tienen. Cuando se defina la imputaci\u00f3n que sea la imputaci\u00f3n que ir\u00e1 a juicio\u201d.<\/strong><\/em><\/p>\n<p>&nbsp;<\/p>\n<p>Si bien en un principio respondi\u00f3 a las acusaciones que se realizaron desde la pol\u00edtica, trat\u00f3 de correrse de esa pol\u00e9mica y se\u00f1al\u00f3 que \u201ccada uno querr\u00e1 llevar agua para su molino\u201d.<\/p>\n<p>&nbsp;<\/p>\n<blockquote><p>\u201cObviamente si un grupo de personas estuvieron al menos dos a\u00f1os estafando gente nos va llevar tiempo colectar toda la prueba. No se puede pretender que en cuatro meses se desbaraten todas las operaciones porque adem\u00e1s la gente no tiene la documentaci\u00f3n que avale y la tiene que pedir\u201d.<\/p><\/blockquote>\n<p>&nbsp;<\/p>\n<p><span style=\"text-decoration: underline;\"><strong>La causa<\/strong><\/span><\/p>\n<p>&nbsp;<\/p>\n<p>Al momento,<strong> la causa caratulada como \u201cEstafas reiteradas\u201d tiene como imputados a Claudio Peralta, el asesor municipal (suspendido) Mariano Ciancio, y los efectivos de la Polic\u00eda Bonaerense Leonardo Sampaoli y N\u00e9stor Loiza.<\/strong> Se\u00f1alaron que podr\u00e1n declarar cuando se formule la imputaci\u00f3n, aunque pueden hacerlo de forma espont\u00e1nea \u201cy no lo han hecho\u201d.<\/p>\n<p>&nbsp;<\/p>\n<p>Durante el atrincheramiento, Peralta hab\u00eda pedido declarar pero Serrano aclar\u00f3 que<em> \u201cno pidi\u00f3 declarar y no se lo llamar\u00e1 por el momento. La fiscal\u00eda decide cuando es el tiempo procesal para llamarlo\u201d.<\/em><\/p>\n<p>&nbsp;<\/p>\n<p><strong>Sobre los montos, la situaci\u00f3n es compleja al igual que los damnificados<\/strong> dado que \u201clos precios fueron variando. Comenzaron con un valor de 350 mil y 450 mil pesos, la venta de cada terreno y despu\u00e9s fueron ascendiendo a 800 mil pesos cada terreno\u201d e incluso hubo una especie de \u201cofertas\u201d por terrenos linderos vendidos juntos.<\/p>\n<p>&nbsp;<\/p>\n<p>Acerca de los estafados en concreto, <strong>oficialmente Serrano admiti\u00f3 que son m\u00e1s de 40 personas<\/strong> aunque cree que <em>\u201cmuchos son reticentes a involucrarse en la causa. Hay que citarlos, no vienen y hay que volver a citarlos. Todo eso demora\u201d.<\/em><\/p>\n<p>&nbsp;<\/p>\n<p><span style=\"text-decoration: underline;\"><strong>El atrincheramiento de Peralta<\/strong><\/span><\/p>\n<p>&nbsp;<\/p>\n<p><strong>Serrano no ocult\u00f3 su sorpresa por la decisi\u00f3n de Peralta de ingresar a un kiosco y encerrarse con intenciones de quitarse la vida.<\/strong> Se\u00f1al\u00f3 que en torno a sus demandas y dichos<em> \u201cme sorprende su actitud, \u00e9l en la causa no tiene ninguna petici\u00f3n sin resolver\u201d<\/em> y dej\u00f3 en claro que<strong> al principio de la investigaci\u00f3n judicial \u201ccuando realizaba declaraciones period\u00edsticas, pidi\u00f3 hacerlo en la causa y a los pocos d\u00edas desisti\u00f3\u201d.<\/strong><\/p>\n<p>&nbsp;<\/p>\n<p>Aclar\u00f3, tambi\u00e9n, que <strong>una de las demandas de Peralta era que acuda un fiscal \u201cque no sea ella\u201d m\u00e1s all\u00e1 de que se encuentra en turno en la UFI N\u00b04 por la Feria Judicial.<\/strong> Por esa demanda <em>\u201cse hizo presente el doctor Lucas Moyano por disposici\u00f3n del Fiscal General Marcelo Sobrino\u201d.<\/em><\/p>\n<p>&nbsp;<\/p>\n<p>Finalmente le respondi\u00f3 a los familiares del imputado atrincherado que acusaron a Mariano Ciancio y Diego Robbiani de recibir el dinero de la venta de terrenos ilegales que cobraba Peralta: <strong><em>\u201cla se\u00f1ora de Peralta, como tal, puede decir lo que le parezca, ahora distinto es lo que ella venga a declarar en la causa\u201d.<\/em><\/strong><\/p>\n","protected":false},"excerpt":{"rendered":"<p>La encargada de la causa por la venta ilegal de terrenos habl\u00f3 tras la falta de novedades en la causa<\/p>\n","protected":false},"author":2,"featured_media":74116,"comment_status":"closed","ping_status":"closed","sticky":false,"template":"","format":"standard","meta":{"_jetpack_memberships_contains_paid_content":false,"footnotes":""},"categories":[14,1],"tags":[],"class_list":["post-74115","post","type-post","status-publish","format-standard","has-post-thumbnail","hentry","category-policiales","category-portada"],"jetpack_featured_media_url":"https:\/\/i0.wp.com\/cdnoticias.com\/wp-content\/uploads\/2023\/01\/serrano.jpg?fit=861%2C573&ssl=1","jetpack_sharing_enabled":true,"_links":{"self":[{"href":"https:\/\/cdnoticias.com\/index.php\/wp-json\/wp\/v2\/posts\/74115","targetHints":{"allow":["GET"]}}],"collection":[{"href":"https:\/\/cdnoticias.com\/index.php\/wp-json\/wp\/v2\/posts"}],"about":[{"href":"https:\/\/cdnoticias.com\/index.php\/wp-json\/wp\/v2\/types\/post"}],"author":[{"embeddable":true,"href":"https:\/\/cdnoticias.com\/index.php\/wp-json\/wp\/v2\/users\/2"}],"replies":[{"embeddable":true,"href":"https:\/\/cdnoticias.com\/index.php\/wp-json\/wp\/v2\/comments?post=74115"}],"version-history":[{"count":0,"href":"https:\/\/cdnoticias.com\/index.php\/wp-json\/wp\/v2\/posts\/74115\/revisions"}],"wp:featuredmedia":[{"embeddable":true,"href":"https:\/\/cdnoticias.com\/index.php\/wp-json\/wp\/v2\/media\/74116"}],"wp:attachment":[{"href":"https:\/\/cdnoticias.com\/index.php\/wp-json\/wp\/v2\/media?parent=74115"}],"wp:term":[{"taxonomy":"category","embeddable":true,"href":"https:\/\/cdnoticias.com\/index.php\/wp-json\/wp\/v2\/categories?post=74115"},{"taxonomy":"post_tag","embeddable":true,"href":"https:\/\/cdnoticias.com\/index.php\/wp-json\/wp\/v2\/tags?post=74115"}],"curies":[{"name":"wp","href":"https:\/\/api.w.org\/{rel}","templated":true}]}}