{"id":74104,"date":"2023-01-05T08:34:04","date_gmt":"2023-01-05T11:34:04","guid":{"rendered":"https:\/\/www.centraldenoticias.com.ar\/?p=74104"},"modified":"2023-01-05T10:12:52","modified_gmt":"2023-01-05T13:12:52","slug":"por-el-verano-cambiaran-los-horarios-del-transporte-interurbano","status":"publish","type":"post","link":"https:\/\/cdnoticias.com\/index.php\/2023\/01\/05\/por-el-verano-cambiaran-los-horarios-del-transporte-interurbano\/","title":{"rendered":"Por el verano, cambiar\u00e1n los horarios del transporte interurbano"},"content":{"rendered":"<p>Fue un pedido de la concesionaria y del sindicato UTA. La medida comenz\u00f3 a regir a partir de este lunes. Servicios adicionales para la Fiesta de Reyes Magos de Sierras Bayas.<!--more--><\/p>\n<hr \/>\n<p>La Municipalidad comunic\u00f3 que <strong>rigen nuevos horarios para el transporte interurbano a partir del lunes<\/strong>.<\/p>\n<p>&nbsp;<\/p>\n<blockquote><p>&#8220;Con motivo de las vacaciones de verano, y en acuerdo tanto con la UTA como con la empresa concesionaria, se va a implementar una modificaci\u00f3n en la frecuencia de los servicios del transporte interurbano&#8221; se inform\u00f3.<\/p><\/blockquote>\n<p>&nbsp;<\/p>\n<p>Se expres\u00f3, a la par, que <strong>los cambios se dieron en las l\u00edneas 509 (Olavarr\u00eda \u2013 Loma Negra) y 510 (Olavarr\u00eda \u2013 Sierras Bayas) en los servicios de lunes a viernes.<\/strong> Se aclar\u00f3 que <em>los fines de semana y d\u00edas feriados mantendr\u00e1n la frecuencia habitual<\/em>, al igual que el cronograma de la l\u00ednea 514 (Olavarr\u00eda \u2013 Sierra Chica \u2013 Hinojo).<\/p>\n<p>&nbsp;<\/p>\n<p>Por otra parte, se indic\u00f3 adem\u00e1s que &#8220;atendiendo a la importante convocatoria que re\u00fane la <strong>tradicional Fiesta de Reyes Magos que se celebra en Sierras Bayas<\/strong>, se contempla la disposici\u00f3n de <strong>servicios adicionales<\/strong> el d\u00eda del evento&#8221;. La fiesta se realizar\u00e1 este jueves.<\/p>\n<p>&nbsp;<\/p>\n<blockquote><p>En ese sentido, se precis\u00f3 que sumar\u00e1n unidades desde Olavarr\u00eda que saldr\u00e1n a las 18 y 19 horas -se contempla un tercer servicio desde las 20 horas en caso de ser necesario-, mientras que desde la localidad serrana iniciar\u00e1n el retorno a las 0 horas.<\/p><\/blockquote>\n<p>&nbsp;<\/p>\n<p><strong>Nuevo cronograma<\/strong><\/p>\n<p>&nbsp;<\/p>\n<p><strong>L\u00ednea 509 (Olavarr\u00eda \u2013 Loma Negra)<\/strong><\/p>\n<p>&nbsp;<\/p>\n<p><strong>Lunes a viernes<\/strong><\/p>\n<p>&nbsp;<\/p>\n<p><strong>Desde Olavarr\u00eda<\/strong><\/p>\n<p>&nbsp;<\/p>\n<p>06:00<br \/>\n07:00<br \/>\n09:00<br \/>\n11:00<br \/>\n12:00<br \/>\n13:00<br \/>\n15:00<br \/>\n17:00<br \/>\n19:00<br \/>\n21:00<br \/>\n22:30<\/p>\n<p><strong>Desde Villa Mi Serran\u00eda<\/strong><\/p>\n<p>06:50<br \/>\n07:20<br \/>\n12:50<br \/>\n19:50<\/p>\n<p><strong>Desde Loma Negra<\/strong><\/p>\n<p>07:00<br \/>\n08:00<br \/>\n10:00<br \/>\n12:00<br \/>\n13:00<br \/>\n14:00<br \/>\n16:00<br \/>\n18:00<br \/>\n20:00<br \/>\n21:45<br \/>\n23:15<\/p>\n<p><strong>S\u00e1bados<\/strong><\/p>\n<p><strong>Desde Olavarr\u00eda<\/strong><\/p>\n<p>06:05<br \/>\n06:55<br \/>\n07:45<br \/>\n09:15<br \/>\n10:00<br \/>\n11:00<br \/>\n12:15<br \/>\n13:15<br \/>\n14:00<br \/>\n15:00<br \/>\n16:00<br \/>\n17:00<br \/>\n18:00<br \/>\n19:00<br \/>\n20:00<br \/>\n21:00<br \/>\n22:30<\/p>\n<p><strong>Desde Villa Mi Serran\u00eda<\/strong><\/p>\n<p>06:45<br \/>\n07:45<br \/>\n13:05<br \/>\n19:50<\/p>\n<p><strong>Desde Loma Negra<\/strong><\/p>\n<p>06:50<br \/>\n07:55<br \/>\n08:30<br \/>\n10:00<br \/>\n11:00<br \/>\n12:00<br \/>\n13:15<br \/>\n14:00<br \/>\n15:00<br \/>\n16:00<br \/>\n17:00<br \/>\n18:00<br \/>\n19:00<br \/>\n20:00<br \/>\n20:45<br \/>\n21:45<br \/>\n23:15<\/p>\n<p><strong>Domingos y feriados<\/strong><\/p>\n<p><strong>Desde Olavarr\u00eda<\/strong><\/p>\n<p>07:00<br \/>\n09:10<br \/>\n11:00<br \/>\n12:45<br \/>\n14:45<br \/>\n16:15<br \/>\n17:45<br \/>\n19:30<br \/>\n21:00<br \/>\n22:30<\/p>\n<p><strong>Desde Villa Mi Serran\u00eda<\/strong><\/p>\n<p>13:45<\/p>\n<p><strong>Desde Loma Negra<\/strong><\/p>\n<p>08:00<br \/>\n10:00<br \/>\n12:00<br \/>\n14:00<br \/>\n15:30<br \/>\n17:00<br \/>\n18:45<br \/>\n20:15<br \/>\n21:45<br \/>\n23:15<\/p>\n<p><strong>L\u00ednea 510 (Olavarr\u00eda \u2013 Sierras Bayas)<\/strong><\/p>\n<p><strong>Desde Olavarr\u00eda<\/strong><\/p>\n<p><strong>Lunes a viernes<\/strong><\/p>\n<p>06:00<br \/>\n06:45<br \/>\n09:00<br \/>\n11:00<br \/>\n12:00<br \/>\n13:00<br \/>\n15:00<br \/>\n17:00<br \/>\n19:00<br \/>\n21:00<br \/>\n22:45<\/p>\n<p><strong>Desde Colonia San Miguel<\/strong><\/p>\n<p>06:45<br \/>\n07:55<br \/>\n09:50<br \/>\n13:00<br \/>\n17:50<br \/>\n21:50<\/p>\n<p><strong>Desde Sierras Bayas<\/strong><\/p>\n<p>07:00<br \/>\n08:00<br \/>\n10:00<br \/>\n12:00<br \/>\n13:15<br \/>\n14:00<br \/>\n16:00<br \/>\n18:05<br \/>\n20:00<br \/>\n22:05<br \/>\n23:30<\/p>\n<p><strong>S\u00e1bados<\/strong><\/p>\n<p><strong>Desde Olavarr\u00eda<\/strong><\/p>\n<p>06:00<br \/>\n07:00<br \/>\n08:05<br \/>\n09:15<br \/>\n10:00<br \/>\n11:05<br \/>\n12:00<br \/>\n13:00<br \/>\n14:00<br \/>\n15:00<br \/>\n15:55<br \/>\n17:00<br \/>\n18:00<br \/>\n19:00<br \/>\n20:15<br \/>\n21:10<br \/>\n22:40<\/p>\n<p><strong>Desde Colonia San Miguel<\/strong><\/p>\n<p>06:50<br \/>\n09:00<br \/>\n11:00<br \/>\n13:00<br \/>\n16:55<br \/>\n19:00<br \/>\n21:15<br \/>\n23:40<\/p>\n<p><strong>Desde Sierras Bayas<\/strong><\/p>\n<p>07:15<br \/>\n08:00<br \/>\n09:15<br \/>\n10:15<br \/>\n11:15<br \/>\n12:05<br \/>\n13:15<br \/>\n14:00<br \/>\n15:00<br \/>\n16:00<br \/>\n17:10<br \/>\n18:00<br \/>\n19:15<br \/>\n20:00<br \/>\n21:30<br \/>\n22:00<br \/>\n23:50<\/p>\n<p><strong>Domingos y feriados<\/strong><\/p>\n<p><strong>Desde Olavarr\u00eda<\/strong><\/p>\n<p>07:00<br \/>\n09:00<br \/>\n11:00<br \/>\n12:45<br \/>\n14:45<br \/>\n16:15<br \/>\n18:15<br \/>\n20:15<br \/>\n22:30<\/p>\n<p><strong>Desde Colonia San Miguel<\/strong><\/p>\n<p>07:45<br \/>\n13:45<br \/>\n21:20<\/p>\n<p><strong>Desde Sierras Bayas<\/strong><\/p>\n<p>08:00<br \/>\n10:00<br \/>\n12:00<br \/>\n14:00<br \/>\n15:30<br \/>\n17:15<br \/>\n19:15<br \/>\n21:30<br \/>\n23:30<\/p>\n<p>&nbsp;<\/p>\n<p><strong>L\u00ednea 514 (Olavarr\u00eda \u2013 Hinojo \u2013 Sierra Chica)<\/strong><\/p>\n<p><strong>Lunes a viernes<\/strong><\/p>\n<p><strong>Desde Olavarr\u00eda<\/strong><\/p>\n<p>05:15<br \/>\n06:00<br \/>\n07:00<br \/>\n08:00<br \/>\n09:00<br \/>\n10:00<br \/>\n11:00<br \/>\n12:00<br \/>\n13:00<br \/>\n14:00<br \/>\n15:00<br \/>\n16:00<br \/>\n17:00<br \/>\n18:00<br \/>\n19:00<br \/>\n20:00<br \/>\n21:00<br \/>\n22:45<\/p>\n<p><strong>Desde Hinojo<\/strong><\/p>\n<p>06:00<br \/>\n07:00<br \/>\n08:00<br \/>\n09:00<br \/>\n10:00<br \/>\n11:00<br \/>\n12:00<br \/>\n13:00<br \/>\n14:00<br \/>\n15:00<br \/>\n16:00<br \/>\n17:00<br \/>\n18:00<br \/>\n19:00<br \/>\n20:00<br \/>\n21:00<br \/>\n22:00<br \/>\n23:30<\/p>\n<p><strong>S\u00e1bados<\/strong><\/p>\n<p><strong>Desde Olavarr\u00eda<\/strong><\/p>\n<p>05:15<br \/>\n06:00<br \/>\n07:00<br \/>\n08:00<br \/>\n09:00<br \/>\n10:00<br \/>\n11:00<br \/>\n12:00<br \/>\n13:00<br \/>\n14:00<br \/>\n15:00<br \/>\n16:00<br \/>\n17:00<br \/>\n18:00<br \/>\n19:00<br \/>\n20:00<br \/>\n21:00<br \/>\n22:45<\/p>\n<p><strong>Desde Hinojo<\/strong><\/p>\n<p>06:00<br \/>\n07:00<br \/>\n08:00<br \/>\n09:00<br \/>\n10:00<br \/>\n11:00<br \/>\n12:00<br \/>\n13:00<br \/>\n14:00<br \/>\n15:00<br \/>\n16:00<br \/>\n17:00<br \/>\n18:00<br \/>\n19:00<br \/>\n20:00<br \/>\n21:00<br \/>\n22:00<br \/>\n23:30<\/p>\n<p><strong>Domingos y feriados<\/strong><\/p>\n<p><strong>Desde Olavarr\u00eda<\/strong><\/p>\n<p>05:15<br \/>\n06:00<br \/>\n07:00<br \/>\n08:00<br \/>\n09:00<br \/>\n10:00<br \/>\n11:00<br \/>\n12:00<br \/>\n13:00<br \/>\n14:00<br \/>\n15:00<br \/>\n16:00<br \/>\n17:00<br \/>\n18:00<br \/>\n19:00<br \/>\n20:00<br \/>\n21:00<br \/>\n22:45<\/p>\n<p>Desde Hinojo<\/p>\n<p>06:00<br \/>\n07:00<br \/>\n08:00<br \/>\n09:00<br \/>\n10:00<br \/>\n11:00<br \/>\n12:00<br \/>\n13:00<br \/>\n14:00<br \/>\n15:00<br \/>\n16:00<br \/>\n17:00<br \/>\n18:00<br \/>\n19:00<br \/>\n20:00<br \/>\n21:00<br \/>\n22:00<br \/>\n23:30<\/p>\n","protected":false},"excerpt":{"rendered":"<p>Fue un pedido de la concesionaria y del sindicato UTA. La medida comenz\u00f3 a regir a partir de este lunes.<\/p>\n","protected":false},"author":6,"featured_media":53273,"comment_status":"closed","ping_status":"closed","sticky":false,"template":"","format":"standard","meta":{"_jetpack_memberships_contains_paid_content":false,"footnotes":""},"categories":[5,1],"tags":[],"class_list":["post-74104","post","type-post","status-publish","format-standard","has-post-thumbnail","hentry","category-informacion-general","category-portada"],"jetpack_featured_media_url":"https:\/\/i0.wp.com\/cdnoticias.com\/wp-content\/uploads\/2022\/04\/colectivo-interurbano.jpg?fit=1152%2C692&ssl=1","jetpack_sharing_enabled":true,"_links":{"self":[{"href":"https:\/\/cdnoticias.com\/index.php\/wp-json\/wp\/v2\/posts\/74104","targetHints":{"allow":["GET"]}}],"collection":[{"href":"https:\/\/cdnoticias.com\/index.php\/wp-json\/wp\/v2\/posts"}],"about":[{"href":"https:\/\/cdnoticias.com\/index.php\/wp-json\/wp\/v2\/types\/post"}],"author":[{"embeddable":true,"href":"https:\/\/cdnoticias.com\/index.php\/wp-json\/wp\/v2\/users\/6"}],"replies":[{"embeddable":true,"href":"https:\/\/cdnoticias.com\/index.php\/wp-json\/wp\/v2\/comments?post=74104"}],"version-history":[{"count":0,"href":"https:\/\/cdnoticias.com\/index.php\/wp-json\/wp\/v2\/posts\/74104\/revisions"}],"wp:featuredmedia":[{"embeddable":true,"href":"https:\/\/cdnoticias.com\/index.php\/wp-json\/wp\/v2\/media\/53273"}],"wp:attachment":[{"href":"https:\/\/cdnoticias.com\/index.php\/wp-json\/wp\/v2\/media?parent=74104"}],"wp:term":[{"taxonomy":"category","embeddable":true,"href":"https:\/\/cdnoticias.com\/index.php\/wp-json\/wp\/v2\/categories?post=74104"},{"taxonomy":"post_tag","embeddable":true,"href":"https:\/\/cdnoticias.com\/index.php\/wp-json\/wp\/v2\/tags?post=74104"}],"curies":[{"name":"wp","href":"https:\/\/api.w.org\/{rel}","templated":true}]}}