{"id":74100,"date":"2023-01-04T16:43:32","date_gmt":"2023-01-04T19:43:32","guid":{"rendered":"https:\/\/www.centraldenoticias.com.ar\/?p=74100"},"modified":"2023-01-04T18:17:05","modified_gmt":"2023-01-04T21:17:05","slug":"sigue-la-campana-de-vacunacion-contra-covid-19","status":"publish","type":"post","link":"https:\/\/cdnoticias.com\/index.php\/2023\/01\/04\/sigue-la-campana-de-vacunacion-contra-covid-19\/","title":{"rendered":"Sigue la campa\u00f1a de vacunaci\u00f3n contra Covid 19"},"content":{"rendered":"<p>Hay puntos de aplicaci\u00f3n en Olavarr\u00eda y las localidades para mayores de 18 a\u00f1os y para menores de esa edad.<!--more--><\/p>\n<hr \/>\n<p>La Secretar\u00eda de Salud del Gobierno Municipal, a trav\u00e9s de la Direcci\u00f3n de Epidemiolog\u00eda e Inmunizaciones, record\u00f3 <strong>se realizar\u00e1 vacunaci\u00f3n contra Covid 19 en las siguientes sedes:<\/strong><\/p>\n<p>&nbsp;<\/p>\n<ul>\n<li>CAPS N\u00ba 2: R. S\u00e1enz Pe\u00f1a 1450<\/li>\n<li>CAPS N\u00ba 5: Servicio Municipal Territorial N\u00ba 4 \u2013Beruti y R. Fal \u2013<\/li>\n<li>CAPS N\u00ba 8: Dean Funes y Giovanelli<\/li>\n<li>CAPS N\u00ba 18: Av. Alberdi y Cnel Su\u00e1rez<\/li>\n<li>CAPS N\u00ba 22: Mendoza y Balcarce<\/li>\n<li>CAPS N\u00ba 26: Grimaldi 894.<\/li>\n<li>CAPS N\u00ba 27: CIC Facundo Quiroga II \u2013 Calle 112 bis y Santa Fe<\/li>\n<li>Hospital Municipal \u201cDr. H\u00e9ctor M. Cura\u201d<\/li>\n<li>Banco de Leche<\/li>\n<\/ul>\n<p>&nbsp;<\/p>\n<p>Tales sedes se orientan a la<strong> inmunizaci\u00f3n de personas mayores de 18 a\u00f1os<\/strong>.\u00a0Respecto a personas<strong> menores de 18 a\u00f1os, la vacunaci\u00f3n se desarrolla -exclusivamente y con prioridad- en el Hospital Municipal \u201cDr. H\u00e9ctor M. Cura\u201d y el Banco de Leche.<\/strong><\/p>\n<p>&nbsp;<\/p>\n<p>La presente campa\u00f1a corresponde <strong>al 3er refuerzo<\/strong>, y es requisito haber transcurrido 4 meses desde la \u00faltima dosis.<\/p>\n<p>&nbsp;<\/p>\n<blockquote><p>\u201cEs importante que concurran con la constancia de vacunaci\u00f3n, en papel o v\u00eda digital a trav\u00e9s de la app Mi Argentina\u201d destac\u00f3 la dependencia municipal.<\/p><\/blockquote>\n<p>&nbsp;<\/p>\n<p><strong>Vacunaci\u00f3n contra Covid 19 en las localidades<\/strong><\/p>\n<p>&nbsp;<\/p>\n<p>Desde Epidemiolog\u00eda municipal se inform\u00f3 que durante las pr\u00f3ximas semanas, se llevar\u00e1n a cabo jornadas de vacunaci\u00f3n en las localidades del Partido; de acuerdo al siguiente cronograma:<\/p>\n<p>&nbsp;<\/p>\n<p><strong>Jueves 5 de enero<\/strong><\/p>\n<ul>\n<li>Hinojo \u2013 Centro de Jubilados \u2013 08:30 a 10:30 horas.<\/li>\n<li>Blanca Grande \u2013 CAPS \u2013 08:30 a 10:30 horas.<\/li>\n<\/ul>\n<p>&nbsp;<\/p>\n<p><strong>Lunes 9 de enero<\/strong><\/p>\n<ul>\n<li>Sierras Bayas \u2013 Centro de Jubilados \u2013 08:30 a 10:30 horas.<\/li>\n<\/ul>\n<p>&nbsp;<\/p>\n<p><strong>Martes 10 de enero<\/strong><\/p>\n<ul>\n<li>Sierra Chica \u2013 Club Sierra Chica \u2013 08:30 a 10:30 horas.<\/li>\n<\/ul>\n<p>&nbsp;<\/p>\n","protected":false},"excerpt":{"rendered":"<p>Hay puntos de aplicaci\u00f3n en Olavarr\u00eda y las localidades para mayores de 18 a\u00f1os y para menores de esa edad.<\/p>\n","protected":false},"author":4,"featured_media":44435,"comment_status":"closed","ping_status":"closed","sticky":false,"template":"","format":"standard","meta":{"_jetpack_memberships_contains_paid_content":false,"footnotes":""},"categories":[16,1],"tags":[],"class_list":["post-74100","post","type-post","status-publish","format-standard","has-post-thumbnail","hentry","category-covid-19","category-portada"],"jetpack_featured_media_url":"https:\/\/i0.wp.com\/cdnoticias.com\/wp-content\/uploads\/2022\/01\/DIB-vacunacion-693x420-1.jpg?fit=693%2C420&ssl=1","jetpack_sharing_enabled":true,"_links":{"self":[{"href":"https:\/\/cdnoticias.com\/index.php\/wp-json\/wp\/v2\/posts\/74100","targetHints":{"allow":["GET"]}}],"collection":[{"href":"https:\/\/cdnoticias.com\/index.php\/wp-json\/wp\/v2\/posts"}],"about":[{"href":"https:\/\/cdnoticias.com\/index.php\/wp-json\/wp\/v2\/types\/post"}],"author":[{"embeddable":true,"href":"https:\/\/cdnoticias.com\/index.php\/wp-json\/wp\/v2\/users\/4"}],"replies":[{"embeddable":true,"href":"https:\/\/cdnoticias.com\/index.php\/wp-json\/wp\/v2\/comments?post=74100"}],"version-history":[{"count":0,"href":"https:\/\/cdnoticias.com\/index.php\/wp-json\/wp\/v2\/posts\/74100\/revisions"}],"wp:featuredmedia":[{"embeddable":true,"href":"https:\/\/cdnoticias.com\/index.php\/wp-json\/wp\/v2\/media\/44435"}],"wp:attachment":[{"href":"https:\/\/cdnoticias.com\/index.php\/wp-json\/wp\/v2\/media?parent=74100"}],"wp:term":[{"taxonomy":"category","embeddable":true,"href":"https:\/\/cdnoticias.com\/index.php\/wp-json\/wp\/v2\/categories?post=74100"},{"taxonomy":"post_tag","embeddable":true,"href":"https:\/\/cdnoticias.com\/index.php\/wp-json\/wp\/v2\/tags?post=74100"}],"curies":[{"name":"wp","href":"https:\/\/api.w.org\/{rel}","templated":true}]}}