{"id":74054,"date":"2023-01-03T19:57:53","date_gmt":"2023-01-03T22:57:53","guid":{"rendered":"https:\/\/www.centraldenoticias.com.ar\/?p=74054"},"modified":"2023-01-03T19:57:53","modified_gmt":"2023-01-03T22:57:53","slug":"toda-la-provincia-atravesara-un-verano-con-temperaturas-mas-altas-a-lo-normal","status":"publish","type":"post","link":"https:\/\/cdnoticias.com\/index.php\/2023\/01\/03\/toda-la-provincia-atravesara-un-verano-con-temperaturas-mas-altas-a-lo-normal\/","title":{"rendered":"Toda la provincia atravesar\u00e1 un verano con \u201ctemperaturas m\u00e1s altas a lo normal\u201d"},"content":{"rendered":"<p>Los meses de enero, febrero y marzo vienen con temperaturas altas, seg\u00fan el Servicio Meteorol\u00f3gico Nacional. El verano pasado se rompieron varios r\u00e9cords.<!--more--><\/p>\n<hr \/>\n<p>Con jornadas de calor extremo, m\u00ednimas altas y lluvias dentro de lo habitual, el verano en la provincia de Buenos Aires atravesar\u00e1 d\u00edas complejos, seg\u00fan el \u00faltimo informe del <strong>Servicio Meteorol\u00f3gico Nacional<\/strong> (SMN), quien indic\u00f3 que <strong>entre enero y marzo habr\u00e1 <em>\u201ctemperaturas m\u00e1s altas a lo normal\u201d.<\/em><\/strong><\/p>\n<p>&nbsp;<\/p>\n<p>De acuerdo al SMN, los<strong> 135 municipios bonaerenses tendr\u00e1n una temperatura media m\u00e1s c\u00e1lida que lo habitual<\/strong>, algo que se repetir\u00e1 en otras regiones como La Pampa, C\u00f3rdoba, este de San Luis, oeste de Santa Fe y oeste de Patagonia.<\/p>\n<p>&nbsp;<\/p>\n<p>&#8220;De esta manera, se espera unos meses <strong>complicados por el calor y sus consecuencias,<\/strong> como es la<strong> falta de agua o los cortes de luz<\/strong> a ra\u00edz de los consumos r\u00e9cord de energ\u00eda. Similar a lo sucedido el verano pasado, cuando la ola de calor afect\u00f3 durante dos semanas a 24 localidades que batieron r\u00e9cords hist\u00f3ricos de temperaturas extremas&#8221; se indic\u00f3.<\/p>\n<p>&nbsp;<\/p>\n<p>Tambi\u00e9n para el trimestre se esperan, en principio, <strong>lluvias dentro de lo habitual<\/strong>. Dadas las condiciones actuales de<strong> sequ\u00eda sobre una amplia regi\u00f3n bonaerense y ante la persistencia del fen\u00f3meno de \u201cLa Ni\u00f1a\u201d<\/strong> sumado a un pron\u00f3stico desfavorable en cuanto a precipitaciones, solo una parte del territorio, toda la franja norte, recibir\u00e1 \u201cmenos agua\u201d que lo habitual.<\/p>\n<p>&nbsp;<\/p>\n<p><em>Fuente: DIB\u00a0<\/em><\/p>\n","protected":false},"excerpt":{"rendered":"<p>Los meses de enero, febrero y marzo vienen con temperaturas altas, seg\u00fan el Servicio Meteorol\u00f3gico Nacional. El verano pasado se<\/p>\n","protected":false},"author":6,"featured_media":74055,"comment_status":"closed","ping_status":"closed","sticky":false,"template":"","format":"standard","meta":{"_jetpack_memberships_contains_paid_content":false,"footnotes":""},"categories":[6,1],"tags":[],"class_list":["post-74054","post","type-post","status-publish","format-standard","has-post-thumbnail","hentry","category-nacionales","category-portada"],"jetpack_featured_media_url":"https:\/\/i0.wp.com\/cdnoticias.com\/wp-content\/uploads\/2023\/01\/calor-2-696x463-1.jpg?fit=696%2C463&ssl=1","jetpack_sharing_enabled":true,"_links":{"self":[{"href":"https:\/\/cdnoticias.com\/index.php\/wp-json\/wp\/v2\/posts\/74054","targetHints":{"allow":["GET"]}}],"collection":[{"href":"https:\/\/cdnoticias.com\/index.php\/wp-json\/wp\/v2\/posts"}],"about":[{"href":"https:\/\/cdnoticias.com\/index.php\/wp-json\/wp\/v2\/types\/post"}],"author":[{"embeddable":true,"href":"https:\/\/cdnoticias.com\/index.php\/wp-json\/wp\/v2\/users\/6"}],"replies":[{"embeddable":true,"href":"https:\/\/cdnoticias.com\/index.php\/wp-json\/wp\/v2\/comments?post=74054"}],"version-history":[{"count":0,"href":"https:\/\/cdnoticias.com\/index.php\/wp-json\/wp\/v2\/posts\/74054\/revisions"}],"wp:featuredmedia":[{"embeddable":true,"href":"https:\/\/cdnoticias.com\/index.php\/wp-json\/wp\/v2\/media\/74055"}],"wp:attachment":[{"href":"https:\/\/cdnoticias.com\/index.php\/wp-json\/wp\/v2\/media?parent=74054"}],"wp:term":[{"taxonomy":"category","embeddable":true,"href":"https:\/\/cdnoticias.com\/index.php\/wp-json\/wp\/v2\/categories?post=74054"},{"taxonomy":"post_tag","embeddable":true,"href":"https:\/\/cdnoticias.com\/index.php\/wp-json\/wp\/v2\/tags?post=74054"}],"curies":[{"name":"wp","href":"https:\/\/api.w.org\/{rel}","templated":true}]}}