{"id":74047,"date":"2023-01-03T18:32:22","date_gmt":"2023-01-03T21:32:22","guid":{"rendered":"https:\/\/www.centraldenoticias.com.ar\/?p=74047"},"modified":"2023-01-03T18:32:22","modified_gmt":"2023-01-03T21:32:22","slug":"corte-de-luz-en-dos-sectores-de-la-ciudad-3","status":"publish","type":"post","link":"https:\/\/cdnoticias.com\/index.php\/2023\/01\/03\/corte-de-luz-en-dos-sectores-de-la-ciudad-3\/","title":{"rendered":"Corte de luz en dos sectores de la ciudad"},"content":{"rendered":"<p>Ser\u00e1 este mi\u00e9rcoles de 7:00 a 09:00 por tareas de mantenimiento.<!--more--><\/p>\n<hr \/>\n<p>Desde Coopelectric se inform\u00f3 que durante la <strong>ma\u00f1ana de este mi\u00e9rcoles<\/strong> se llevar\u00e1 a cabo un <strong>corte de luz por tareas de mantenimiento.<\/strong><\/p>\n<p>&nbsp;<\/p>\n<p>Ser\u00e1 entre las<strong> 7:00 y las 09:00<\/strong> en<strong> dos sectores de la ciudad:<\/strong><\/p>\n<p>&nbsp;<\/p>\n<p><strong>Sector 1:<\/strong> Calle 157-San Mart\u00edn-Calle 221- avenida Pueyrred\u00f3n.<\/p>\n<p>&nbsp;<\/p>\n<p><strong>Sector 2:<\/strong> Calle 221- Bol\u00edvar-Ruta 51- Buchardo.<\/p>\n<p>&nbsp;<\/p>\n<p>Se indic\u00f3 que puede suspenderse sin las condiciones clim\u00e1ticas son adversas. En tal caso, las tareas ser\u00e1n reprogramadas.<\/p>\n","protected":false},"excerpt":{"rendered":"<p>Ser\u00e1 este mi\u00e9rcoles de 7:00 a 09:00 por tareas de mantenimiento.<\/p>\n","protected":false},"author":6,"featured_media":41403,"comment_status":"closed","ping_status":"closed","sticky":false,"template":"","format":"standard","meta":{"_jetpack_memberships_contains_paid_content":false,"footnotes":""},"categories":[5,1],"tags":[],"class_list":["post-74047","post","type-post","status-publish","format-standard","has-post-thumbnail","hentry","category-informacion-general","category-portada"],"jetpack_featured_media_url":"https:\/\/i0.wp.com\/cdnoticias.com\/wp-content\/uploads\/2021\/12\/coopelectric-camion.jpg?fit=1600%2C890&ssl=1","jetpack_sharing_enabled":true,"_links":{"self":[{"href":"https:\/\/cdnoticias.com\/index.php\/wp-json\/wp\/v2\/posts\/74047","targetHints":{"allow":["GET"]}}],"collection":[{"href":"https:\/\/cdnoticias.com\/index.php\/wp-json\/wp\/v2\/posts"}],"about":[{"href":"https:\/\/cdnoticias.com\/index.php\/wp-json\/wp\/v2\/types\/post"}],"author":[{"embeddable":true,"href":"https:\/\/cdnoticias.com\/index.php\/wp-json\/wp\/v2\/users\/6"}],"replies":[{"embeddable":true,"href":"https:\/\/cdnoticias.com\/index.php\/wp-json\/wp\/v2\/comments?post=74047"}],"version-history":[{"count":0,"href":"https:\/\/cdnoticias.com\/index.php\/wp-json\/wp\/v2\/posts\/74047\/revisions"}],"wp:featuredmedia":[{"embeddable":true,"href":"https:\/\/cdnoticias.com\/index.php\/wp-json\/wp\/v2\/media\/41403"}],"wp:attachment":[{"href":"https:\/\/cdnoticias.com\/index.php\/wp-json\/wp\/v2\/media?parent=74047"}],"wp:term":[{"taxonomy":"category","embeddable":true,"href":"https:\/\/cdnoticias.com\/index.php\/wp-json\/wp\/v2\/categories?post=74047"},{"taxonomy":"post_tag","embeddable":true,"href":"https:\/\/cdnoticias.com\/index.php\/wp-json\/wp\/v2\/tags?post=74047"}],"curies":[{"name":"wp","href":"https:\/\/api.w.org\/{rel}","templated":true}]}}