{"id":74026,"date":"2023-01-03T12:32:57","date_gmt":"2023-01-03T15:32:57","guid":{"rendered":"https:\/\/www.centraldenoticias.com.ar\/?p=74026"},"modified":"2023-01-03T18:03:03","modified_gmt":"2023-01-03T21:03:03","slug":"causa-de-los-terrenos-la-fiscal-serrano-recibio-una-carta-anonima-coactiva","status":"publish","type":"post","link":"https:\/\/cdnoticias.com\/index.php\/2023\/01\/03\/causa-de-los-terrenos-la-fiscal-serrano-recibio-una-carta-anonima-coactiva\/","title":{"rendered":"Causa de los terrenos: la fiscal Serrano recibi\u00f3 \u201cuna carta an\u00f3nima coactiva\u201d"},"content":{"rendered":"<p>As\u00ed lo indic\u00f3 el Fiscal General del Departamento Judicial de Azul, Marcelo Sobrino. El atrincheramiento de Peralta, la represi\u00f3n policial y el estado de la investigaci\u00f3n judicial.<!--more--><\/p>\n<hr \/>\n<p>El <strong>Fiscal General del Departamento Judicial de Azul, Marcelo Sobrino<\/strong>, dialog\u00f3 con <strong>Mart\u00edn Rodr\u00edguez para Radio Olavarr\u00eda<\/strong> y se expres\u00f3 sobre el hecho ocurrido durante la tarde del lunes, cuando Claudio Peralta, imputado en la causa por la venta ilegal de terrenos, se atrincher\u00f3 en un comercio.<\/p>\n<p>&nbsp;<\/p>\n<p>\u201c<strong>Esto no comienza ayer.<\/strong> Hay una causa iniciada hace bastante tiempo que es el tema famoso de los terrenos vendidos por gente que no era supuestamente su propietaria. Eso es investigado por la doctora Serrano\u201d indic\u00f3 Sobrino en un primer momento en referencia a la titular de la UFI N\u00b0 4.<\/p>\n<p>&nbsp;<\/p>\n<p>En ese contexto, inform\u00f3 que<strong> la doctora Paula Serrano recibi\u00f3 hace unos d\u00edas \u201cuna carta an\u00f3nima coactiva\u201d exigi\u00e9ndole a la fiscal \u201cdeterminadas medidas y que si no iba a tener consecuencias\u201d.<\/strong><\/p>\n<p>&nbsp;<\/p>\n<p>Adem\u00e1s, en el escrito, <strong>se la convocaba a un bar c\u00e9ntrico.<\/strong> <strong>La fecha de la citaci\u00f3n era para este lunes a las 11 de la ma\u00f1ana.<\/strong> La fiscal dio aviso de esta situaci\u00f3n, no concurri\u00f3 y <strong>se form\u00f3 una causa por la coacci\u00f3n.<\/strong><\/p>\n<p>&nbsp;<\/p>\n<blockquote><p>\u201cEs muy grave y no vamos a dejar pasar que amenacen a cualquier miembro del Ministerio P\u00fablico\u201d.<\/p><\/blockquote>\n<p><img data-recalc-dims=\"1\" loading=\"lazy\" decoding=\"async\" class=\"aligncenter size-full wp-image-74014\" src=\"https:\/\/i0.wp.com\/cdnoticias.com\/wp-content\/uploads\/2023\/01\/peralta-atrincherado-00-scaled.jpg?resize=800%2C445&#038;ssl=1\" alt=\"\" width=\"800\" height=\"445\" srcset=\"https:\/\/i0.wp.com\/cdnoticias.com\/wp-content\/uploads\/2023\/01\/peralta-atrincherado-00-scaled.jpg?w=2560&amp;ssl=1 2560w, https:\/\/i0.wp.com\/cdnoticias.com\/wp-content\/uploads\/2023\/01\/peralta-atrincherado-00-scaled.jpg?resize=300%2C167&amp;ssl=1 300w, https:\/\/i0.wp.com\/cdnoticias.com\/wp-content\/uploads\/2023\/01\/peralta-atrincherado-00-scaled.jpg?resize=1024%2C570&amp;ssl=1 1024w, https:\/\/i0.wp.com\/cdnoticias.com\/wp-content\/uploads\/2023\/01\/peralta-atrincherado-00-scaled.jpg?resize=768%2C427&amp;ssl=1 768w, https:\/\/i0.wp.com\/cdnoticias.com\/wp-content\/uploads\/2023\/01\/peralta-atrincherado-00-scaled.jpg?resize=1536%2C855&amp;ssl=1 1536w, https:\/\/i0.wp.com\/cdnoticias.com\/wp-content\/uploads\/2023\/01\/peralta-atrincherado-00-scaled.jpg?resize=2048%2C1140&amp;ssl=1 2048w, https:\/\/i0.wp.com\/cdnoticias.com\/wp-content\/uploads\/2023\/01\/peralta-atrincherado-00-scaled.jpg?resize=800%2C445&amp;ssl=1 800w, https:\/\/i0.wp.com\/cdnoticias.com\/wp-content\/uploads\/2023\/01\/peralta-atrincherado-00-scaled.jpg?w=1600&amp;ssl=1 1600w, https:\/\/i0.wp.com\/cdnoticias.com\/wp-content\/uploads\/2023\/01\/peralta-atrincherado-00-scaled.jpg?w=2400&amp;ssl=1 2400w\" sizes=\"auto, (max-width: 800px) 100vw, 800px\" \/><\/p>\n<p>&nbsp;<\/p>\n<p>Horas despu\u00e9s, se produjo el <a href=\"https:\/\/cdnoticias.com\/index.php\/2023\/01\/02\/claudio-peralta-se-entrego-con-manos-en-alto-y-fue-trasladado-por-una-ambulancia-del-same\/\" target=\"_blank\" rel=\"noopener\">atrincheramiento de Peralta en un kiosco<\/a> \u201cno cometiendo ning\u00fan delito contra otras personas\u201d.<\/p>\n<p>&nbsp;<\/p>\n<p>El Fiscal General se\u00f1al\u00f3 que Peralta<em> \u201cen principio no habr\u00eda cometido delito. Baja su posici\u00f3n antes de que llegue el negociador que ven\u00eda de Pinamar y se lo lleva al servicio de salud mental del Hospital de Olavarr\u00eda\u201d<\/em> y resalt\u00f3: \u201cPeralta estaba en una situaci\u00f3n de tentativa de suicidio que no est\u00e1 penado por la ley\u201d.<\/p>\n<p>&nbsp;<\/p>\n<p>Sobrino aclar\u00f3 que \u201c<strong>lo que \u00e9l ped\u00eda lo puede solicitar con su abogado dentro de la causa penal de origen<\/strong>, lo que s\u00ed no puede es marcar los tiempos de cu\u00e1ndo tiene que actuar la fiscal\u201d.<\/p>\n<p>&nbsp;<\/p>\n<p><img data-recalc-dims=\"1\" loading=\"lazy\" decoding=\"async\" class=\"aligncenter size-full wp-image-74012\" src=\"https:\/\/i0.wp.com\/cdnoticias.com\/wp-content\/uploads\/2023\/01\/peralta-atrincherado-03-scaled.jpg?resize=800%2C445&#038;ssl=1\" alt=\"\" width=\"800\" height=\"445\" srcset=\"https:\/\/i0.wp.com\/cdnoticias.com\/wp-content\/uploads\/2023\/01\/peralta-atrincherado-03-scaled.jpg?w=2560&amp;ssl=1 2560w, https:\/\/i0.wp.com\/cdnoticias.com\/wp-content\/uploads\/2023\/01\/peralta-atrincherado-03-scaled.jpg?resize=300%2C167&amp;ssl=1 300w, https:\/\/i0.wp.com\/cdnoticias.com\/wp-content\/uploads\/2023\/01\/peralta-atrincherado-03-scaled.jpg?resize=1024%2C569&amp;ssl=1 1024w, https:\/\/i0.wp.com\/cdnoticias.com\/wp-content\/uploads\/2023\/01\/peralta-atrincherado-03-scaled.jpg?resize=768%2C427&amp;ssl=1 768w, https:\/\/i0.wp.com\/cdnoticias.com\/wp-content\/uploads\/2023\/01\/peralta-atrincherado-03-scaled.jpg?resize=1536%2C854&amp;ssl=1 1536w, https:\/\/i0.wp.com\/cdnoticias.com\/wp-content\/uploads\/2023\/01\/peralta-atrincherado-03-scaled.jpg?resize=2048%2C1139&amp;ssl=1 2048w, https:\/\/i0.wp.com\/cdnoticias.com\/wp-content\/uploads\/2023\/01\/peralta-atrincherado-03-scaled.jpg?resize=800%2C445&amp;ssl=1 800w, https:\/\/i0.wp.com\/cdnoticias.com\/wp-content\/uploads\/2023\/01\/peralta-atrincherado-03-scaled.jpg?w=1600&amp;ssl=1 1600w, https:\/\/i0.wp.com\/cdnoticias.com\/wp-content\/uploads\/2023\/01\/peralta-atrincherado-03-scaled.jpg?w=2400&amp;ssl=1 2400w\" sizes=\"auto, (max-width: 800px) 100vw, 800px\" \/><\/p>\n<p>&nbsp;<\/p>\n<p><strong>Represi\u00f3n policial y respuesta al comunicado del Frente de Todos<\/strong><\/p>\n<p>&nbsp;<\/p>\n<p>El doctor Marcelo Sobrino hizo referencia al pedido de instrucci\u00f3n al doctor Lucas Moyano de la formaci\u00f3n de una causa a ra\u00edz de los <a href=\"https:\/\/cdnoticias.com\/index.php\/2023\/01\/02\/tras-entregarse-claudio-peralta-hubo-represion-con-periodistas-heridos\/\" target=\"_blank\" rel=\"noopener\">hechos de represi\u00f3n policial<\/a> que ocurrieron posteriormente a la entrega de Peralta.<\/p>\n<p>&nbsp;<\/p>\n<p>\u201cEso est\u00e1 siendo investigado\u201d indic\u00f3 y resalt\u00f3 que \u201crespecto a la <a href=\"https:\/\/cdnoticias.com\/index.php\/2023\/01\/03\/causa-terrenos-silencios-que-aturden-y-una-justicia-que-no-da-respuesta\/\" target=\"_blank\" rel=\"noopener\">solicitud de celeridad por parte del Frente de Todos<\/a>, es leg\u00edtimo pero un tema es la celeridad que tuve ayer ante la represi\u00f3n\u201d.<\/p>\n<p>&nbsp;<\/p>\n<p>En ese sentido, asegur\u00f3 que \u201caprovech\u00e9 la visita de la doctora Serrano respecto a la coacci\u00f3n para que me explique c\u00f3mo iba la causa de los terrenos. Ella me respondi\u00f3 que <strong>durante todo el a\u00f1o se han tomado medidas, han tomado testimoniales cada dos o tres d\u00edas<\/strong>\u201d.<\/p>\n<p>&nbsp;<\/p>\n<p><img data-recalc-dims=\"1\" loading=\"lazy\" decoding=\"async\" class=\"aligncenter size-full wp-image-49742\" src=\"https:\/\/i0.wp.com\/cdnoticias.com\/wp-content\/uploads\/2022\/03\/allanamientos-terrenos1.jpg?resize=800%2C444&#038;ssl=1\" alt=\"\" width=\"800\" height=\"444\" srcset=\"https:\/\/i0.wp.com\/cdnoticias.com\/wp-content\/uploads\/2022\/03\/allanamientos-terrenos1.jpg?w=1152&amp;ssl=1 1152w, https:\/\/i0.wp.com\/cdnoticias.com\/wp-content\/uploads\/2022\/03\/allanamientos-terrenos1.jpg?resize=300%2C167&amp;ssl=1 300w, https:\/\/i0.wp.com\/cdnoticias.com\/wp-content\/uploads\/2022\/03\/allanamientos-terrenos1.jpg?resize=1024%2C569&amp;ssl=1 1024w, https:\/\/i0.wp.com\/cdnoticias.com\/wp-content\/uploads\/2022\/03\/allanamientos-terrenos1.jpg?resize=768%2C427&amp;ssl=1 768w, https:\/\/i0.wp.com\/cdnoticias.com\/wp-content\/uploads\/2022\/03\/allanamientos-terrenos1.jpg?resize=800%2C445&amp;ssl=1 800w\" sizes=\"auto, (max-width: 800px) 100vw, 800px\" \/><\/p>\n<p>&nbsp;<\/p>\n<p>Adem\u00e1s, record\u00f3 que \u201cse hicieron <a href=\"https:\/\/cdnoticias.com\/index.php\/2022\/03\/23\/causa-terrenos-sorpresivos-e-importantes-allanamientos-en-la-ciudad\/\" target=\"_blank\" rel=\"noopener\">allanamientos en marzo o abril<\/a> y hace pocos d\u00edas se recibieron informes parciales de algunos tel\u00e9fonos.<strong> Falta el informe de entrecruzamiento de llamadas y alg\u00fan informe de alg\u00fan tel\u00e9fono, est\u00e1n los de la mayor\u00eda pero no todos<\/strong>\u201d.<\/p>\n<p>&nbsp;<\/p>\n<p>Asimismo, hizo referencia a la complejidad de la prueba e indic\u00f3 que \u201ctambi\u00e9n hay varias personas que aparecen como damnificados y <strong>otras personas pueden ser damnificadas y tambi\u00e9n c\u00f3mplices<\/strong> porque sab\u00edan que lo que les estaban vendiendo no era legal. Tambi\u00e9n tenemos que elucidar esa situaci\u00f3n. <strong>Hasta no tener todo usted no puede imputar.<\/strong> Si imputa puede imputar por menos o al rev\u00e9s\u201d.<\/p>\n<p>&nbsp;<\/p>\n<p>Por \u00faltimo, \u201c<strong>el fiscal necesita toda la prueba, la testimonial y la pericial.<\/strong> Hay tiempo todav\u00eda para poder investigar, hasta un a\u00f1o y medio de investigaci\u00f3n. No es que hace 15 a\u00f1os que se est\u00e1 investigando\u201d y concluy\u00f3: <strong>\u201ces como el diagn\u00f3stico de un m\u00e9dico, un m\u00e9dico necesita toda la prueba. Nosotros actuamos de la misma forma\u201d.<\/strong><\/p>\n<p>&nbsp;<\/p>\n","protected":false},"excerpt":{"rendered":"<p>As\u00ed lo indic\u00f3 el Fiscal General del Departamento Judicial de Azul, Marcelo Sobrino. El atrincheramiento de Peralta, la represi\u00f3n policial<\/p>\n","protected":false},"author":5,"featured_media":10646,"comment_status":"closed","ping_status":"closed","sticky":false,"template":"","format":"standard","meta":{"_jetpack_memberships_contains_paid_content":false,"footnotes":""},"categories":[14,1],"tags":[],"class_list":["post-74026","post","type-post","status-publish","format-standard","has-post-thumbnail","hentry","category-policiales","category-portada"],"jetpack_featured_media_url":"https:\/\/i0.wp.com\/cdnoticias.com\/wp-content\/uploads\/2021\/01\/sobrino-800x445-B.jpg?fit=800%2C443&ssl=1","jetpack_sharing_enabled":true,"_links":{"self":[{"href":"https:\/\/cdnoticias.com\/index.php\/wp-json\/wp\/v2\/posts\/74026","targetHints":{"allow":["GET"]}}],"collection":[{"href":"https:\/\/cdnoticias.com\/index.php\/wp-json\/wp\/v2\/posts"}],"about":[{"href":"https:\/\/cdnoticias.com\/index.php\/wp-json\/wp\/v2\/types\/post"}],"author":[{"embeddable":true,"href":"https:\/\/cdnoticias.com\/index.php\/wp-json\/wp\/v2\/users\/5"}],"replies":[{"embeddable":true,"href":"https:\/\/cdnoticias.com\/index.php\/wp-json\/wp\/v2\/comments?post=74026"}],"version-history":[{"count":0,"href":"https:\/\/cdnoticias.com\/index.php\/wp-json\/wp\/v2\/posts\/74026\/revisions"}],"wp:featuredmedia":[{"embeddable":true,"href":"https:\/\/cdnoticias.com\/index.php\/wp-json\/wp\/v2\/media\/10646"}],"wp:attachment":[{"href":"https:\/\/cdnoticias.com\/index.php\/wp-json\/wp\/v2\/media?parent=74026"}],"wp:term":[{"taxonomy":"category","embeddable":true,"href":"https:\/\/cdnoticias.com\/index.php\/wp-json\/wp\/v2\/categories?post=74026"},{"taxonomy":"post_tag","embeddable":true,"href":"https:\/\/cdnoticias.com\/index.php\/wp-json\/wp\/v2\/tags?post=74026"}],"curies":[{"name":"wp","href":"https:\/\/api.w.org\/{rel}","templated":true}]}}