{"id":74023,"date":"2023-01-03T11:18:04","date_gmt":"2023-01-03T14:18:04","guid":{"rendered":"https:\/\/www.centraldenoticias.com.ar\/?p=74023"},"modified":"2023-01-03T12:33:12","modified_gmt":"2023-01-03T15:33:12","slug":"campana-de-vacunacion-contra-covid-19-en-olavarria-y-localidades","status":"publish","type":"post","link":"https:\/\/cdnoticias.com\/index.php\/2023\/01\/03\/campana-de-vacunacion-contra-covid-19-en-olavarria-y-localidades\/","title":{"rendered":"Campa\u00f1a de vacunaci\u00f3n contra Covid 19 en Olavarr\u00eda y localidades"},"content":{"rendered":"<p>Comenz\u00f3 este martes y se realizar\u00e1 en distintos centros de salud. El cronograma de inmunizaciones.<!--more--><\/p>\n<hr \/>\n<p>La Secretar\u00eda de Salud del Gobierno Municipal, a trav\u00e9s de la Direcci\u00f3n de Epidemiolog\u00eda e Inmunizaciones, inform\u00f3 que a partir de este martes, se realizar\u00e1 <strong>vacunaci\u00f3n contra Covid 19<\/strong> en las siguientes sedes:<\/p>\n<p>&nbsp;<\/p>\n<p><strong>CAPS N\u00ba 2:<\/strong> Roque S\u00e1enz Pe\u00f1a 1450<\/p>\n<p><strong>CAPS N\u00ba 5:<\/strong> Servicio Municipal Territorial N\u00ba 4 (Beruti y Rufino Fal)<\/p>\n<p><strong>CAPS N\u00ba 8:<\/strong> De\u00e1n Funes y Giovanelli<\/p>\n<p><strong>CAPS N\u00ba 18:<\/strong> San Mart\u00edn 1106<\/p>\n<p><strong>CAPS N\u00ba 22:<\/strong> Las Heras 5380<\/p>\n<p><strong>CAPS N\u00ba 26:<\/strong> Grimaldi 894<\/p>\n<p><strong>CAPS N\u00ba 27:<\/strong> CIC Facundo Quiroga II (B. Houssey 400 \/ 450)<\/p>\n<p><strong>Hospital Municipal \u201cDr. H\u00e9ctor M. Cura\u201d<\/strong><\/p>\n<p><strong>Banco de Leche<\/strong><\/p>\n<p>&nbsp;<\/p>\n<p>Tales sedes se orientan a la inmunizaci\u00f3n de <strong>personas mayores de 18 a\u00f1os.<\/strong><\/p>\n<p>&nbsp;<\/p>\n<p>Respecto a <strong>personas menores de 18 a\u00f1os<\/strong>, la vacunaci\u00f3n se desarrolla -exclusivamente y con prioridad- en el <strong>Hospital Municipal \u201cDr. H\u00e9ctor M. Cura\u201d y el Banco de Leche.<\/strong><\/p>\n<p>&nbsp;<\/p>\n<blockquote><p>Asimismo, se record\u00f3 que la presente campa\u00f1a corresponde al<strong> tercer refuerzo<\/strong>, y es requisito haber transcurrido 4 meses desde la \u00faltima dosis.<\/p><\/blockquote>\n<p>&nbsp;<\/p>\n<p>Es importante que concurran con la<strong> constancia de vacunaci\u00f3n<\/strong>, en papel o v\u00eda digital a trav\u00e9s de la app Mi Argentina.<\/p>\n<p>&nbsp;<\/p>\n<p><img data-recalc-dims=\"1\" loading=\"lazy\" decoding=\"async\" class=\"aligncenter size-full wp-image-63798\" src=\"https:\/\/i0.wp.com\/cdnoticias.com\/wp-content\/uploads\/2022\/08\/vacuna-adolescentes-2-800x445-4.jpg?resize=800%2C445&#038;ssl=1\" alt=\"\" width=\"800\" height=\"445\" srcset=\"https:\/\/i0.wp.com\/cdnoticias.com\/wp-content\/uploads\/2022\/08\/vacuna-adolescentes-2-800x445-4.jpg?w=800&amp;ssl=1 800w, https:\/\/i0.wp.com\/cdnoticias.com\/wp-content\/uploads\/2022\/08\/vacuna-adolescentes-2-800x445-4.jpg?resize=300%2C167&amp;ssl=1 300w, https:\/\/i0.wp.com\/cdnoticias.com\/wp-content\/uploads\/2022\/08\/vacuna-adolescentes-2-800x445-4.jpg?resize=768%2C427&amp;ssl=1 768w\" sizes=\"auto, (max-width: 800px) 100vw, 800px\" \/><\/p>\n<p>&nbsp;<\/p>\n<p><strong>Vacunaci\u00f3n contra Covid 19 en las localidades<\/strong><\/p>\n<p>&nbsp;<\/p>\n<p>Durante las pr\u00f3ximas semanas, se llevar\u00e1n a cabo jornadas de vacunaci\u00f3n en las localidades del Partido; de acuerdo al siguiente cronograma:<\/p>\n<p>&nbsp;<\/p>\n<p><strong>Martes 3 de enero<\/strong><\/p>\n<p>\u2013 Recalde \u2013 CAPS N\u00ba 14 \u2013 08:30 a 11:00 horas.<\/p>\n<p>&nbsp;<\/p>\n<p><strong>Mi\u00e9rcoles 4 de enero<\/strong><\/p>\n<p>\u2013 Espigas \u2013 Club Deportivo Espigas \u201308:30 a 10:30 horas.<\/p>\n<p>\u2013 Loma Negra \u2013 Centro de Jubilados \u201308:30 a 10:30 horas.<\/p>\n<p>&nbsp;<\/p>\n<p><strong>Jueves 5 de enero<\/strong><\/p>\n<p>\u2013 Hinojo \u2013 Centro de Jubilados \u2013 08:30 a 10:30 horas.<\/p>\n<p>\u2013 Blanca Grande \u2013 CAPS \u2013 08:30 a 10:30 horas.<\/p>\n<p>&nbsp;<\/p>\n<p><strong>Lunes 9 de enero<\/strong><\/p>\n<p>\u2013 Sierras Bayas \u2013 Centro de Jubilados \u2013 08:30 a 10:30 horas.<\/p>\n<p>&nbsp;<\/p>\n<p><strong>Martes 10 de enero<\/strong><\/p>\n<p>\u2013 Sierra Chica \u2013 Club Sierra Chica \u2013 08:30 a 10:30 horas.<\/p>\n","protected":false},"excerpt":{"rendered":"<p>Comenz\u00f3 este martes y se realizar\u00e1 en distintos centros de salud. El cronograma de inmunizaciones.<\/p>\n","protected":false},"author":5,"featured_media":47264,"comment_status":"closed","ping_status":"closed","sticky":false,"template":"","format":"standard","meta":{"_jetpack_memberships_contains_paid_content":false,"footnotes":""},"categories":[5,1],"tags":[],"class_list":["post-74023","post","type-post","status-publish","format-standard","has-post-thumbnail","hentry","category-informacion-general","category-portada"],"jetpack_featured_media_url":"https:\/\/i0.wp.com\/cdnoticias.com\/wp-content\/uploads\/2022\/02\/vacunacion-escuelas-provincia00.jpg?fit=800%2C445&ssl=1","jetpack_sharing_enabled":true,"_links":{"self":[{"href":"https:\/\/cdnoticias.com\/index.php\/wp-json\/wp\/v2\/posts\/74023","targetHints":{"allow":["GET"]}}],"collection":[{"href":"https:\/\/cdnoticias.com\/index.php\/wp-json\/wp\/v2\/posts"}],"about":[{"href":"https:\/\/cdnoticias.com\/index.php\/wp-json\/wp\/v2\/types\/post"}],"author":[{"embeddable":true,"href":"https:\/\/cdnoticias.com\/index.php\/wp-json\/wp\/v2\/users\/5"}],"replies":[{"embeddable":true,"href":"https:\/\/cdnoticias.com\/index.php\/wp-json\/wp\/v2\/comments?post=74023"}],"version-history":[{"count":0,"href":"https:\/\/cdnoticias.com\/index.php\/wp-json\/wp\/v2\/posts\/74023\/revisions"}],"wp:featuredmedia":[{"embeddable":true,"href":"https:\/\/cdnoticias.com\/index.php\/wp-json\/wp\/v2\/media\/47264"}],"wp:attachment":[{"href":"https:\/\/cdnoticias.com\/index.php\/wp-json\/wp\/v2\/media?parent=74023"}],"wp:term":[{"taxonomy":"category","embeddable":true,"href":"https:\/\/cdnoticias.com\/index.php\/wp-json\/wp\/v2\/categories?post=74023"},{"taxonomy":"post_tag","embeddable":true,"href":"https:\/\/cdnoticias.com\/index.php\/wp-json\/wp\/v2\/tags?post=74023"}],"curies":[{"name":"wp","href":"https:\/\/api.w.org\/{rel}","templated":true}]}}